{"id":1029,"date":"2023-02-06T12:05:00","date_gmt":"2023-02-06T12:05:00","guid":{"rendered":"http:\/\/ambiwalencja.pl\/blog\/?p=1029"},"modified":"2023-07-03T15:34:58","modified_gmt":"2023-07-03T15:34:58","slug":"jak-pracowac-z-pacjentem-ktory-zyje-w-ciaglym-leku-i-zamartwianiu","status":"publish","type":"post","link":"http:\/\/ambiwalencja.pl\/blog\/jak-pracowac-z-pacjentem-ktory-zyje-w-ciaglym-leku-i-zamartwianiu\/","title":{"rendered":"Jak pracowa\u0107 z pacjentem, kt\u00f3ry \u017cyje w ci\u0105g\u0142ym l\u0119ku i zamartwianiu?"},"content":{"rendered":"\n<p>Szkolenie<em> Jak pracowa\u0107 z pacjentem, kt\u00f3ry \u017cyje w ci\u0105g\u0142ym l\u0119ku i zamartwianiu?<\/em> by\u0142o dla mnie olbrzymim zaskoczeniem, zw\u0142aszcza po szkoleniu <em><a href=\"http:\/\/ambiwalencja.pl\/blog\/jak-pracowac-z-zaburzeniem-obrazu-ciala-u-osob-z-zaburzeniami-odzywiania-szkolenie-z-prof-bernadetta-izydorczyk\/\" data-type=\"post\" data-id=\"1030\">Jak pracowa\u0107 z zaburzeniem obrazu cia\u0142a u os\u00f3b z zaburzeniami od\u017cywiania \u2013 Szkolenie z prof. Bernadett\u0105 Izydorczyk<\/a><\/em>. Nie spodziewa\u0142am si\u0119 takiej dawki praktyki, w tak kr\u00f3tkim czasie.<\/p>\n\n\n\n<p>Prowadz\u0105cy nie tylko opowiada\u0142 w spos\u00f3b interesuj\u0105cy, ale te\u017c bardzo obrazowy. S\u0142uchaj\u0105c opowie\u015bci, praktycznych wskaz\u00f3wek, bez problemu wyobra\u017ca\u0142am sobie sytuacje o jakich m\u00f3wi, dzi\u0119ki czemu nie tylko \u0142atwiej by\u0142o mi usystematyzowa\u0107 wiedz\u0119 i zapami\u0119ta\u0107 j\u0105, ale te\u017c zacz\u0105\u0107 z niej korzysta\u0107, nie tylko w \u017cyciu zawodowym. <\/p>\n\n\n\n<figure class=\"wp-block-image size-large\"><a href=\"http:\/\/ambiwalencja.pl\/blog\/wp-content\/uploads\/2023\/07\/zamartwianie.jpg\"><img loading=\"lazy\" width=\"1024\" height=\"718\" src=\"http:\/\/ambiwalencja.pl\/blog\/wp-content\/uploads\/2023\/07\/zamartwianie-1024x718.jpg\" alt=\"\" class=\"wp-image-1142\" srcset=\"http:\/\/ambiwalencja.pl\/blog\/wp-content\/uploads\/2023\/07\/zamartwianie-1024x718.jpg 1024w, http:\/\/ambiwalencja.pl\/blog\/wp-content\/uploads\/2023\/07\/zamartwianie-300x210.jpg 300w, http:\/\/ambiwalencja.pl\/blog\/wp-content\/uploads\/2023\/07\/zamartwianie-768x539.jpg 768w, http:\/\/ambiwalencja.pl\/blog\/wp-content\/uploads\/2023\/07\/zamartwianie.jpg 1212w\" sizes=\"(max-width: 1024px) 100vw, 1024px\" \/><\/a><\/figure>\n\n\n\n<p>Wida\u0107, \u017ce dr Andrzej \u015aliwerski ma du\u017ce do\u015bwiadczenie, wie o czym m\u00f3wi i nie tylko potrafi to robi\u0107, ale potrafi te\u017c naucza\u0107 innych. Szczeg\u00f3lnie zachwyci\u0142a mnie du\u017ca ilo\u015b\u0107 stosowanych metafor, bowiem metafory to co\u015b co kocham, nie tylko w pracy psychoterapeutycznej. <\/p>\n\n\n\n<p>Wed\u0142ug mnie by\u0142o to rewelacyjne szkolenie, do tego stopnia, \u017ce \u017ca\u0142uj\u0119, \u017ce nie trwa\u0142o d\u0142u\u017cej. Nie ukrywam, \u017ce mam nadziej\u0119 na kontynuacj\u0119, czy jaki\u015b kolejny level. Bo to wa\u017cny temat, bardzo powszechny, a takie zaprezentowanie i przedstawienie go uwa\u017cam za bardzo dobre i pomocne. <\/p>\n","protected":false},"excerpt":{"rendered":"<p>Szkolenie Jak pracowa\u0107 z pacjentem, kt\u00f3ry \u017cyje w ci\u0105g\u0142ym l\u0119ku i zamartwianiu? by\u0142o dla mnie olbrzymim zaskoczeniem, zw\u0142aszcza po szkoleniu Jak pracowa\u0107 z zaburzeniem obrazu cia\u0142a u os\u00f3b z zaburzeniami od\u017cywiania \u2013 Szkolenie z prof. Bernadett\u0105 Izydorczyk. Nie spodziewa\u0142am si\u0119&#8230;<\/p>\n","protected":false},"author":1,"featured_media":1142,"comment_status":"open","ping_status":"open","sticky":false,"template":"","format":"standard","meta":[],"categories":[162,1],"tags":[277,170,279],"_links":{"self":[{"href":"http:\/\/ambiwalencja.pl\/blog\/wp-json\/wp\/v2\/posts\/1029"}],"collection":[{"href":"http:\/\/ambiwalencja.pl\/blog\/wp-json\/wp\/v2\/posts"}],"about":[{"href":"http:\/\/ambiwalencja.pl\/blog\/wp-json\/wp\/v2\/types\/post"}],"author":[{"embeddable":true,"href":"http:\/\/ambiwalencja.pl\/blog\/wp-json\/wp\/v2\/users\/1"}],"replies":[{"embeddable":true,"href":"http:\/\/ambiwalencja.pl\/blog\/wp-json\/wp\/v2\/comments?post=1029"}],"version-history":[{"count":4,"href":"http:\/\/ambiwalencja.pl\/blog\/wp-json\/wp\/v2\/posts\/1029\/revisions"}],"predecessor-version":[{"id":1143,"href":"http:\/\/ambiwalencja.pl\/blog\/wp-json\/wp\/v2\/posts\/1029\/revisions\/1143"}],"wp:featuredmedia":[{"embeddable":true,"href":"http:\/\/ambiwalencja.pl\/blog\/wp-json\/wp\/v2\/media\/1142"}],"wp:attachment":[{"href":"http:\/\/ambiwalencja.pl\/blog\/wp-json\/wp\/v2\/media?parent=1029"}],"wp:term":[{"taxonomy":"category","embeddable":true,"href":"http:\/\/ambiwalencja.pl\/blog\/wp-json\/wp\/v2\/categories?post=1029"},{"taxonomy":"post_tag","embeddable":true,"href":"http:\/\/ambiwalencja.pl\/blog\/wp-json\/wp\/v2\/tags?post=1029"}],"curies":[{"name":"wp","href":"https:\/\/api.w.org\/{rel}","templated":true}]}}