{"id":1179,"date":"2023-07-29T12:56:21","date_gmt":"2023-07-29T12:56:21","guid":{"rendered":"http:\/\/ambiwalencja.pl\/blog\/?p=1179"},"modified":"2023-07-29T12:56:21","modified_gmt":"2023-07-29T12:56:21","slug":"ciala-sa-super-tyler-feder","status":"publish","type":"post","link":"http:\/\/ambiwalencja.pl\/blog\/ciala-sa-super-tyler-feder\/","title":{"rendered":"Cia\u0142a s\u0105 super &#8211; Tyler Feder"},"content":{"rendered":"\n<p><em>Cia\u0142a s\u0105 super<\/em> to ksi\u0105\u017ceczka, kt\u00f3ra prawdopodobnie zawiera mniej liter w sobie, ni\u017c b\u0119dzie mia\u0142 ten tekst. Natomiast ma\u0142a ilo\u015b\u0107 literek, s\u0142\u00f3w czy zda\u0144, wcale nie oznacza ma\u0142ej ilo\u015bci tre\u015bci. A ju\u017c z pewno\u015bci\u0105 nie w tym przypadku. <\/p>\n\n\n\n<p>Tyler Feder jest autork\u0105 ksi\u0105\u017cek i ilustratork\u0105. Natomiast po tre\u015bci lektury my\u015bl\u0119, \u017ce jest te\u017c super osob\u0105, a z pewno\u015bci\u0105 jej cia\u0142o jest super &#8211; o czym sama nas zapewnia. <\/p>\n\n\n\n<p>Tytu\u0142 jest tutaj kluczowy. Przewija si\u0119 w ca\u0142ej ksi\u0105\u017ceczce. Jest jak refren, powtarzany, nadaj\u0105cy rytmu coraz to nowszym &#8222;wyliczankom&#8221; znajduj\u0105cym si\u0119 wewn\u0105trz. Ka\u017cde wymienienie rodzaj\u00f3w cia\u0142, r\u00f3\u017cnic, szczeg\u00f3lnych cech ko\u0144czy si\u0119 w\u0142a\u015bnie tym pi\u0119knym i prostym tekstem: &#8222;cia\u0142a s\u0105 super!&#8221;<\/p>\n\n\n\n<figure class=\"wp-block-image size-large\"><a href=\"http:\/\/ambiwalencja.pl\/blog\/wp-content\/uploads\/2023\/07\/ciala-sa-super.jpg\"><img loading=\"lazy\" width=\"1024\" height=\"1024\" src=\"http:\/\/ambiwalencja.pl\/blog\/wp-content\/uploads\/2023\/07\/ciala-sa-super-1024x1024.jpg\" alt=\"\" class=\"wp-image-1214\" srcset=\"http:\/\/ambiwalencja.pl\/blog\/wp-content\/uploads\/2023\/07\/ciala-sa-super-1024x1024.jpg 1024w, http:\/\/ambiwalencja.pl\/blog\/wp-content\/uploads\/2023\/07\/ciala-sa-super-300x300.jpg 300w, http:\/\/ambiwalencja.pl\/blog\/wp-content\/uploads\/2023\/07\/ciala-sa-super-150x150.jpg 150w, http:\/\/ambiwalencja.pl\/blog\/wp-content\/uploads\/2023\/07\/ciala-sa-super-768x768.jpg 768w, http:\/\/ambiwalencja.pl\/blog\/wp-content\/uploads\/2023\/07\/ciala-sa-super.jpg 1080w\" sizes=\"(max-width: 1024px) 100vw, 1024px\" \/><\/a><\/figure>\n\n\n\n<p>Og\u00f3lnie czytaj\u0105c, a przede wszystkim ogl\u0105daj\u0105c pi\u0119kne, r\u00f3\u017cnorodne i barwne obrazki, my\u015bla\u0142am sobie o tym, \u017ce to takie banalne, takie proste, takie oczywiste i \u017ce tak fajnie, \u017ce powsta\u0142a ta ksi\u0105\u017cka! Bowiem nie wszyscy pami\u0119taj\u0105, \u017ce jeste\u015bmy r\u00f3\u017cni. \u017be mo\u017cemy by\u0107 r\u00f3\u017cni. I tu autorka nam te r\u00f3\u017cnice pokazuje, zwracaj\u0105c uwag\u0119 na wszelakie szczeg\u00f3\u0142y jak chocia\u017cby blizny, kt\u00f3re to opowiadaj\u0105 histori\u0119, czy niewidz\u0105ce oczy lub te z okularami, albo skulone pod sto\u0142em nogi&#8230;<\/p>\n\n\n\n<p>Autorka zwraca tu uwag\u0119 nie tylko na r\u00f3\u017cnice w wygl\u0105dzie, ale te\u017c na nasze reakcje, do\u015bwiadczenia, upodobania. I jest to pokazane w tak pi\u0119kny spos\u00f3b, \u017ce nie mog\u0119 si\u0119 przesta\u0107 zachwyca\u0107, zupe\u0142nie nie zwa\u017caj\u0105c na to, \u017ce to ksi\u0105\u017cka dla os\u00f3b od 3 roku \u017cycia.<\/p>\n\n\n\n<p><em>Cia\u0142a s\u0105 super<\/em> to wspania\u0142a lektura, kt\u00f3ra pomimo ma\u0142ej ilo\u015bci tre\u015bci, zawiera ca\u0142y ogrom tre\u015bci, w\u0105tk\u00f3w do refleksji, ale te\u017c mog\u0105cych wywo\u0142a\u0107 fajne, warto\u015bciowe dyskusje, kt\u00f3re s\u0105 wa\u017cne, szczeg\u00f3lnie je\u015bli chodzi o najm\u0142odszych. Kr\u00f3tko m\u00f3wi\u0105c: Tyler Feder i jej ksi\u0105\u017cka s\u0105 super!<\/p>\n\n\n\n<script src=\"https:\/\/buybox.click\/js\/widget.min.js\"><\/script>\n<span class=\"bb-widget\" id=\"buybox-josb\" data-bb-id=\"9520\" data-bb-oid=\"187130792\"><\/span>\n\n\n\n<pre class=\"wp-block-preformatted\"><strong>Tytu\u0142:<\/strong> Cia\u0142a s\u0105 super\n<strong>Autorka:<\/strong> Tyler Feder <strong>\nWydawnictwo: <\/strong>ToTamto<strong>\nRok: <\/strong>2023\n<strong>Ilo\u015b\u0107 stron:<\/strong> 32\n<\/pre>\n\n\n\n<p class=\"has-text-align-center\"><strong>Za ksi\u0105\u017ck\u0119 dzi\u0119kuj\u0119:<\/strong><\/p>\n\n\n<div class=\"wp-block-image\">\n<figure class=\"aligncenter size-large is-resized\"><a href=\"https:\/\/totamto.com.pl\/\" target=\"_blank\" rel=\"noreferrer noopener\"><img loading=\"lazy\" src=\"http:\/\/ambiwalencja.pl\/blog\/wp-content\/uploads\/2023\/06\/totamto_logo_poziom_czarny-1024x1024.jpg\" alt=\"\" class=\"wp-image-1133\" width=\"201\" height=\"201\"\/><\/a><\/figure><\/div>\n\n\n<p><\/p>\n","protected":false},"excerpt":{"rendered":"<p>Cia\u0142a s\u0105 super to ksi\u0105\u017ceczka, kt\u00f3ra prawdopodobnie zawiera mniej liter w sobie, ni\u017c b\u0119dzie mia\u0142 ten tekst. Natomiast ma\u0142a ilo\u015b\u0107 literek, s\u0142\u00f3w czy zda\u0144, wcale nie oznacza ma\u0142ej ilo\u015bci tre\u015bci. A ju\u017c z pewno\u015bci\u0105 nie w tym przypadku. Tyler Feder&#8230;<\/p>\n","protected":false},"author":1,"featured_media":1214,"comment_status":"open","ping_status":"open","sticky":false,"template":"","format":"standard","meta":[],"categories":[4],"tags":[99,283],"_links":{"self":[{"href":"http:\/\/ambiwalencja.pl\/blog\/wp-json\/wp\/v2\/posts\/1179"}],"collection":[{"href":"http:\/\/ambiwalencja.pl\/blog\/wp-json\/wp\/v2\/posts"}],"about":[{"href":"http:\/\/ambiwalencja.pl\/blog\/wp-json\/wp\/v2\/types\/post"}],"author":[{"embeddable":true,"href":"http:\/\/ambiwalencja.pl\/blog\/wp-json\/wp\/v2\/users\/1"}],"replies":[{"embeddable":true,"href":"http:\/\/ambiwalencja.pl\/blog\/wp-json\/wp\/v2\/comments?post=1179"}],"version-history":[{"count":4,"href":"http:\/\/ambiwalencja.pl\/blog\/wp-json\/wp\/v2\/posts\/1179\/revisions"}],"predecessor-version":[{"id":1216,"href":"http:\/\/ambiwalencja.pl\/blog\/wp-json\/wp\/v2\/posts\/1179\/revisions\/1216"}],"wp:featuredmedia":[{"embeddable":true,"href":"http:\/\/ambiwalencja.pl\/blog\/wp-json\/wp\/v2\/media\/1214"}],"wp:attachment":[{"href":"http:\/\/ambiwalencja.pl\/blog\/wp-json\/wp\/v2\/media?parent=1179"}],"wp:term":[{"taxonomy":"category","embeddable":true,"href":"http:\/\/ambiwalencja.pl\/blog\/wp-json\/wp\/v2\/categories?post=1179"},{"taxonomy":"post_tag","embeddable":true,"href":"http:\/\/ambiwalencja.pl\/blog\/wp-json\/wp\/v2\/tags?post=1179"}],"curies":[{"name":"wp","href":"https:\/\/api.w.org\/{rel}","templated":true}]}}