{"id":1235,"date":"2024-01-14T21:51:57","date_gmt":"2024-01-14T21:51:57","guid":{"rendered":"http:\/\/ambiwalencja.pl\/blog\/?p=1235"},"modified":"2024-01-14T21:51:57","modified_gmt":"2024-01-14T21:51:57","slug":"terapia-poznawcza-zaburzen-osobowosci-denise-d-davis-arthur-freeman-aaron-t-beck","status":"publish","type":"post","link":"http:\/\/ambiwalencja.pl\/blog\/terapia-poznawcza-zaburzen-osobowosci-denise-d-davis-arthur-freeman-aaron-t-beck\/","title":{"rendered":"Terapia poznawcza zaburze\u0144 osobowo\u015bci &#8211; Denise D. Davis, Arthur Freeman, Aaron T. Beck"},"content":{"rendered":"\n<p><em>Terapia poznawcza zaburze\u0144 osobowo\u015bci<\/em> to kolejna ceg\u0142a od WUJa. Ceg\u0142a, wype\u0142niona po brzegi nie tylko konkretn\u0105, solidn\u0105 tre\u015bci\u0105, ale te\u017c mas\u0105 tabel i wykres\u00f3w, kt\u00f3re nie tylko przydatne s\u0105 podczas pracy, ale przede wszystkim do zrozumienia pewnych kwestii.<\/p>\n\n\n\n<p>Denise D. Davis to wicedyrektorka programu psychologii klinicznej na Uniwersytecie Vanderbilt, wsp\u00f3\u0142za\u0142o\u017cycielka Akademii Terapii Poznawczej (ACT) oraz cz\u0142onkini Ameryka\u0144skiego Towarzystwa Psychologicznego. W pracy naukowej i klinicznej zajmuje si\u0119 zagadnieniami zwi\u0105zanymi z etyk\u0105, procesem ko\u0144czenia terapii oraz terapi\u0105 poznawcz\u0105 zaburze\u0144 osobowo\u015bci.<\/p>\n\n\n\n<p>Arthur Freeman to wyk\u0142adowca medycyny behawioralnej na Uniwersytecie Midwestern, gdzie kieruje programem psychologii klinicznej. By\u0142 prezesem Towarzystwa Terapii Behawioralnej i Poznawczej oraz Mi\u0119dzynarodowego Towarzystwa Psychoterapii Poznawczej. Jego zainteresowania naukowe i kliniczne obejmuj\u0105 terapi\u0119 ma\u0142\u017ce\u0144sk\u0105 i rodzinn\u0105 oraz terapi\u0119 poznawczo-behawioraln\u0105 depresji, l\u0119ku i zaburze\u0144 osobowo\u015bci.<\/p>\n\n\n\n<p>Z kolei Aaron T. Beck to posta\u0107, kt\u00f3rej chyba nawet przedstawia\u0107 nie trzeba. To sam tw\u00f3rca terapii poznawczej, profesor na Wydziale Psychiatrii Uniwersytetu Pensylwanii oraz honorowy prezes Instytutu Psychiatrii Poznawczej, kt\u00f3ry nosi jego imi\u0119. <\/p>\n\n\n\n<p>Cho\u0107 na ok\u0142adce widzimy w\u0142a\u015bnie te trzy (nie byle jakie!) nazwiska, tak naprawd\u0119 os\u00f3b autorskich jest zdecydowanie wi\u0119cej, bo ponad dwadzie\u015bcia. Znani mniej lub bardziej, natomiast zdecydowanie znaj\u0105cych si\u0119 na rzeczy. Osoby redaktorskie dopilnowa\u0142y nie tylko tego czyje tekst trafi\u0105 do ksi\u0105\u017cki, ale te\u017c tego jakiej b\u0119d\u0105 jako\u015bci.<\/p>\n\n\n\n<figure class=\"wp-block-image size-large\"><a href=\"https:\/\/ambiwalencja.pl\/blog\/wp-content\/uploads\/2024\/01\/terapia-poznawcza-zaburzen-osobowosci-okladka.jpg\"><img loading=\"lazy\" width=\"1024\" height=\"1024\" src=\"https:\/\/ambiwalencja.pl\/blog\/wp-content\/uploads\/2024\/01\/terapia-poznawcza-zaburzen-osobowosci-okladka-1024x1024.jpg\" alt=\"\" class=\"wp-image-1305\" srcset=\"http:\/\/ambiwalencja.pl\/blog\/wp-content\/uploads\/2024\/01\/terapia-poznawcza-zaburzen-osobowosci-okladka-1024x1024.jpg 1024w, http:\/\/ambiwalencja.pl\/blog\/wp-content\/uploads\/2024\/01\/terapia-poznawcza-zaburzen-osobowosci-okladka-300x300.jpg 300w, http:\/\/ambiwalencja.pl\/blog\/wp-content\/uploads\/2024\/01\/terapia-poznawcza-zaburzen-osobowosci-okladka-150x150.jpg 150w, http:\/\/ambiwalencja.pl\/blog\/wp-content\/uploads\/2024\/01\/terapia-poznawcza-zaburzen-osobowosci-okladka-768x768.jpg 768w, http:\/\/ambiwalencja.pl\/blog\/wp-content\/uploads\/2024\/01\/terapia-poznawcza-zaburzen-osobowosci-okladka.jpg 1080w\" sizes=\"(max-width: 1024px) 100vw, 1024px\" \/><\/a><\/figure>\n\n\n\n<p>Ksi\u0105\u017cka podzielona jest na trzy g\u0142\u00f3wne cz\u0119\u015bci. Pierwsz\u0105, zawieraj\u0105c\u0105 teori\u0119, badania i metody kliniczne, kt\u00f3ra to jest dobrym wst\u0119pem. Tre\u015bci zawarte tu nie tylko opieraj\u0105 si\u0119 na takich podstawach jak diagnoza, ale mamy te\u017c ciekawe rozdzia\u0142y jak chocia\u017cby ten o przymierzu terapeutycznym czy r\u00f3\u017cnorodno\u015bci i kulturze.<\/p>\n\n\n\n<p>Druga cz\u0119\u015b\u0107 to ju\u017c konkretny podzia\u0142 na r\u00f3\u017cne zaburzenia osobowo\u015bci. D\u0142ugie, solidne, obszerne rozdzia\u0142y skupiaj\u0105ce si\u0119 kolejno na r\u00f3\u017cnych zaburzeniach. A tam objawy kliniczne, r\u00f3\u017cne strategie, fragmenty sesji, studia przypadk\u00f3w, r\u00f3\u017cne podej\u015bcia, nurty, perspektywy i wnioski. R\u00f3\u017cne zaburzenia, r\u00f3\u017cne osoby autorskie. Natomiast to co niezmienne, to wnikliwo\u015b\u0107, przyst\u0119pny j\u0119zyk i zaciekawianie tre\u015bci\u0105. <\/p>\n\n\n\n<p>Trzecia cz\u0119\u015b\u0107, to ju\u017c ostatnie trzy, niezbyt d\u0142ugie rozdzia\u0142y odno\u015bnie zaburze\u0144 wsp\u00f3\u0142wyst\u0119puj\u0105cych, post\u0119powania klinicznego i podsumowa\u0144. <\/p>\n\n\n\n<p>A na samym ko\u0144cu co\u015b co uwielbiam, czyli indeks, kt\u00f3ry to jest dla mnie zbawienny, bo u\u0142atwia mi poszukiwanie konkretnych zagadnie\u0144 w g\u0105szczu literatury. I druga z moich ulubionych rzeczy: rozdzia\u0142 w kt\u00f3rym znajduje si\u0119 cytowana literatura. Tu liczy on ponad 50 stron, co znaczy, \u017ce mamy tu mn\u00f3stwo odniesie\u0144, polece\u0144 i perspektyw na kolejne pozycje, by jeszcze bardziej zg\u0142\u0119bi\u0107 temat. <\/p>\n\n\n\n<p><em>Terapia poznawcza zaburze\u0144 osobowo\u015bci <\/em>to bardzo dobra, przydatna i mocno porz\u0105dkuj\u0105ca pozycja. Dla os\u00f3b z bran\u017cy my\u015bl\u0119, \u017ce mo\u017ce to by\u0107 jeden z takich &#8222;must have&#8221; na p\u00f3\u0142ce. Na mojej jest z pewno\u015bci\u0105!<\/p>\n\n\n\n<script src=\"https:\/\/buybox.click\/js\/widget.min.js\"><\/script>\n<span class=\"bb-widget\" id=\"buybox-8gva\" data-bb-id=\"9520\" data-bb-oid=\"7165841\"><\/span>\n\n\n\n<pre id=\"block-ab7a58a2-cb6f-42a5-80e7-23a1d5902adb\" class=\"wp-block-preformatted\"><strong>Tytu\u0142: <\/strong>Terapia poznawcza zaburze\u0144 osobowo\u015bci<strong>\nRedakcja: <\/strong> Denise D. Davis, Arthur Freeman, Aaron T. Beck<strong>\nWydawnictwo: <\/strong>Wydawnictwo Uniwersytetu Jagiello\u0144skiego<strong>\nRok: <\/strong>2016<strong>\nIlo\u015b\u0107 stron:<\/strong> 444<\/pre>\n\n\n\n<p class=\"has-text-align-center\"><strong>Za ksi\u0105\u017ck\u0119 dzi\u0119kuj\u0119 :<\/strong><\/p>\n\n\n<div class=\"wp-block-image\">\n<figure class=\"aligncenter\"><a href=\"https:\/\/wuj.pl\/\" target=\"_blank\" rel=\"noreferrer noopener\"><img loading=\"lazy\" width=\"170\" height=\"170\" src=\"http:\/\/ambiwalencja.pl\/blog\/wp-content\/uploads\/2022\/02\/logo-na-fb-wuj.png\" alt=\"\" class=\"wp-image-361\" srcset=\"http:\/\/ambiwalencja.pl\/blog\/wp-content\/uploads\/2022\/02\/logo-na-fb-wuj.png 170w, http:\/\/ambiwalencja.pl\/blog\/wp-content\/uploads\/2022\/02\/logo-na-fb-wuj-150x150.png 150w\" sizes=\"(max-width: 170px) 100vw, 170px\" \/><\/a><\/figure><\/div>","protected":false},"excerpt":{"rendered":"<p>Terapia poznawcza zaburze\u0144 osobowo\u015bci to kolejna ceg\u0142a od WUJa. Ceg\u0142a, wype\u0142niona po brzegi nie tylko konkretn\u0105, solidn\u0105 tre\u015bci\u0105, ale te\u017c mas\u0105 tabel i wykres\u00f3w, kt\u00f3re nie tylko przydatne s\u0105 podczas pracy, ale przede wszystkim do zrozumienia pewnych kwestii. Denise D&#8230;.<\/p>\n","protected":false},"author":1,"featured_media":1305,"comment_status":"open","ping_status":"open","sticky":false,"template":"","format":"standard","meta":[],"categories":[4],"tags":[76,29,177,18],"_links":{"self":[{"href":"http:\/\/ambiwalencja.pl\/blog\/wp-json\/wp\/v2\/posts\/1235"}],"collection":[{"href":"http:\/\/ambiwalencja.pl\/blog\/wp-json\/wp\/v2\/posts"}],"about":[{"href":"http:\/\/ambiwalencja.pl\/blog\/wp-json\/wp\/v2\/types\/post"}],"author":[{"embeddable":true,"href":"http:\/\/ambiwalencja.pl\/blog\/wp-json\/wp\/v2\/users\/1"}],"replies":[{"embeddable":true,"href":"http:\/\/ambiwalencja.pl\/blog\/wp-json\/wp\/v2\/comments?post=1235"}],"version-history":[{"count":6,"href":"http:\/\/ambiwalencja.pl\/blog\/wp-json\/wp\/v2\/posts\/1235\/revisions"}],"predecessor-version":[{"id":1307,"href":"http:\/\/ambiwalencja.pl\/blog\/wp-json\/wp\/v2\/posts\/1235\/revisions\/1307"}],"wp:featuredmedia":[{"embeddable":true,"href":"http:\/\/ambiwalencja.pl\/blog\/wp-json\/wp\/v2\/media\/1305"}],"wp:attachment":[{"href":"http:\/\/ambiwalencja.pl\/blog\/wp-json\/wp\/v2\/media?parent=1235"}],"wp:term":[{"taxonomy":"category","embeddable":true,"href":"http:\/\/ambiwalencja.pl\/blog\/wp-json\/wp\/v2\/categories?post=1235"},{"taxonomy":"post_tag","embeddable":true,"href":"http:\/\/ambiwalencja.pl\/blog\/wp-json\/wp\/v2\/tags?post=1235"}],"curies":[{"name":"wp","href":"https:\/\/api.w.org\/{rel}","templated":true}]}}