{"id":1353,"date":"2026-02-10T14:37:38","date_gmt":"2026-02-10T14:37:38","guid":{"rendered":"https:\/\/ambiwalencja.pl\/blog\/?p=1353"},"modified":"2026-02-10T14:37:38","modified_gmt":"2026-02-10T14:37:38","slug":"dlugoterminowa-psychoterapia-psychodynamiczna-wydanie-drugie-glen-o-gabbard","status":"publish","type":"post","link":"http:\/\/ambiwalencja.pl\/blog\/dlugoterminowa-psychoterapia-psychodynamiczna-wydanie-drugie-glen-o-gabbard\/","title":{"rendered":"D\u0142ugoterminowa psychoterapia psychodynamiczna. Wydanie drugie &#8211; Glen O. Gabbard"},"content":{"rendered":"\n<p><em>D\u0142ugoterminowa psychoterapia psychodynamiczna. Wydanie drugie<\/em> to nie tylko \u015bwietna ksi\u0105\u017cka pozwalaj\u0105ca nam zag\u0142\u0119bi\u0107 si\u0119 w tajnikach nurtu psychodynamicznego czytaj\u0105c, ale tak\u017ce ogl\u0105daj\u0105c.<\/p>\n\n\n\n<p>I nie mam tu na my\u015bli wy\u0142\u0105cznie grafik znajduj\u0105cych si\u0119 w tym opracowaniu. Autor udost\u0119pnia nam tak\u017ce nagrania video przyk\u0142adowych problem\u00f3w na sesjach, aby\u015bmy jeszcze lepiej mogli zrozumie\u0107 nie tylko sam nurt, ale te\u017c mo\u017cliwe interwencje, jakie mo\u017cna zastosowa\u0107. Filmy dost\u0119pne s\u0105 na stronie wydawnictwa, natomiast w publikacji s\u0105 te\u017c obszerniej om\u00f3wione.<\/p>\n\n\n\n<p>I cho\u0107 jak mam ksi\u0105\u017ck\u0119, to mam ch\u0119\u0107 korzysta\u0107 tylko z ksi\u0105\u017cki i nie zag\u0142\u0119bia\u0107 si\u0119 w niczym innym, nie mie\u0107 rozpraszaczy, tak tutaj wyda\u0142o mi si\u0119 to bardzo pomocne. Jest to \u015bwietne uzupe\u0142nienie, mo\u017cliwo\u015b\u0107 poszerzenia i rozwini\u0119cia pakietu interwencji, kt\u00f3ry zapewne ka\u017cda osoba terapeucka ma gdzie\u015b w g\u0142owie.<\/p>\n\n\n\n<p>Gabbard, profesor psychiatrii, superwizor, pi\u0119knie porz\u0105dkuje to co najistotniejsze w terapii psychodynamicznej. Podr\u0119cznik jest bardzo sp\u00f3jny i uporz\u0105dkowany. W pierwszym rozdziale mo\u017cemy zapozna\u0107 si\u0119 z podstawowymi poj\u0119ciami, w kolejnym ju\u017c formu\u0142owa\u0107 diagnoz\u0119.<\/p>\n\n\n\n<p>Rozdzia\u0142y jak ten dotycz\u0105cy przeciwprzeniesiania, ko\u0144czenia terapii, pracy z oporem czy wykorzystaniem fantazji i marze\u0144 sennych nie powinny nikogo dziwi\u0107. I cho\u0107 si\u0119 ich spodziewa\u0142am uwa\u017cam je za cenne i warto\u015bciowe. <\/p>\n\n\n\n<figure class=\"wp-block-image size-large\"><a href=\"https:\/\/ambiwalencja.pl\/blog\/wp-content\/uploads\/2026\/02\/XnRQFWIS.jpg\"><img loading=\"lazy\" width=\"1024\" height=\"771\" src=\"https:\/\/ambiwalencja.pl\/blog\/wp-content\/uploads\/2026\/02\/XnRQFWIS-1024x771.jpg\" alt=\"\" class=\"wp-image-1476\" srcset=\"http:\/\/ambiwalencja.pl\/blog\/wp-content\/uploads\/2026\/02\/XnRQFWIS-1024x771.jpg 1024w, http:\/\/ambiwalencja.pl\/blog\/wp-content\/uploads\/2026\/02\/XnRQFWIS-300x226.jpg 300w, http:\/\/ambiwalencja.pl\/blog\/wp-content\/uploads\/2026\/02\/XnRQFWIS-768x578.jpg 768w, http:\/\/ambiwalencja.pl\/blog\/wp-content\/uploads\/2026\/02\/XnRQFWIS-1536x1157.jpg 1536w, http:\/\/ambiwalencja.pl\/blog\/wp-content\/uploads\/2026\/02\/XnRQFWIS.jpg 2048w\" sizes=\"(max-width: 1024px) 100vw, 1024px\" \/><\/a><\/figure>\n\n\n\n<p>Natomiast zaskoczy\u0142 mnie, ale te\u017c ucieszy\u0142 rozdzia\u0142 o ocenie kompetencji psychoterapeuty. My\u015bl\u0119, \u017ce to niezwykle wa\u017cne by te\u017c m\u00f3c podej\u015b\u0107 do siebie w spos\u00f3b &#8211; mo\u017ce nie krytyczny &#8211; ale nie bezrefleksyjny. By spojrze\u0107 na siebie obiektywnie, zobaczy\u0107 w czym jeste\u015bmy dobrzy a co jeszcze wymaga pracy.<\/p>\n\n\n\n<p>Bowiem bran\u017ca ta wymaga ci\u0105g\u0142ego rozwoju. Zreszt\u0105 cz\u0119\u015bciowo jest o tym przedostatni rozdzia\u0142 dotycz\u0105cy superwizji, kt\u00f3ra jest konieczno\u015bci\u0105. Rozw\u00f3j, superwizja, doszkalanie si\u0119. Jest to potrzebne. Tutaj te\u017c &#8222;przypomniane&#8221;.<\/p>\n\n\n\n<p>I cho\u0107 pracuj\u0119 w nurcie integracyjnym, to sporo czerpi\u0119 z tego psychodynamicznego. I gdy my\u015bl\u0119 o ksi\u0105\u017cce <em>D\u0142ugoterminowa psychoterapia psychodynamiczna<\/em> to my\u015bl\u0119 w\u0142a\u015bnie o rozwoju. Bo cho\u0107 wiele z tych tre\u015bci by\u0142o dla mnie oczywiste, to jedna zebranie tego w ca\u0142o\u015b\u0107 i podanie w takiej formie uwa\u017cam za niezwykle cenne i rozwijaj\u0105ce.<\/p>\n\n\n\n<p>Dlatego te\u017c z czystym sumieniem mog\u0119 powiedzie\u0107, \u017ce jest to dobry wst\u0119p do zrozumienia tego nurtu, uporz\u0105dkowania sobie podstaw. Gabbard \u015bwietnie porz\u0105dkuje, uk\u0142ada, do czego zach\u0119cam i Was. <\/p>\n\n\n\n<script src=\"https:\/\/buybox.click\/js\/widget.min.js\"><\/script>\n<div class=\"bb-widget\" id=\"buybox-g5r2\" data-bb-id=\"9520\" data-bb-oid=\"191944782\"><\/div>\n\n\n\n<pre id=\"block-ab7a58a2-cb6f-42a5-80e7-23a1d5902adb\" class=\"wp-block-preformatted\"><strong>Tytu\u0142: <\/strong>D\u0142ugoterminowa psychoterapia psychodynamiczna. Wydanie drugie<strong>\nAutor: <\/strong>Glen O. Gabbard<strong>\nWydawnictwo: <\/strong>Wydawnictwo Uniwersytetu Jagiello\u0144skiego<strong>\nRok: <\/strong>2023<strong>\nIlo\u015b\u0107 stron:<\/strong> 272<\/pre>\n\n\n\n<p class=\"has-text-align-center\"><strong>Za ksi\u0105\u017ck\u0119 dzi\u0119kuj\u0119 :<\/strong><\/p>\n\n\n<div class=\"wp-block-image\">\n<figure class=\"aligncenter\"><a href=\"https:\/\/wuj.pl\/\" target=\"_blank\" rel=\"noreferrer noopener\"><img loading=\"lazy\" width=\"170\" height=\"170\" src=\"http:\/\/ambiwalencja.pl\/blog\/wp-content\/uploads\/2022\/02\/logo-na-fb-wuj.png\" alt=\"\" class=\"wp-image-361\" srcset=\"http:\/\/ambiwalencja.pl\/blog\/wp-content\/uploads\/2022\/02\/logo-na-fb-wuj.png 170w, http:\/\/ambiwalencja.pl\/blog\/wp-content\/uploads\/2022\/02\/logo-na-fb-wuj-150x150.png 150w\" sizes=\"(max-width: 170px) 100vw, 170px\" \/><\/a><\/figure><\/div>","protected":false},"excerpt":{"rendered":"<p>D\u0142ugoterminowa psychoterapia psychodynamiczna. Wydanie drugie to nie tylko \u015bwietna ksi\u0105\u017cka pozwalaj\u0105ca nam zag\u0142\u0119bi\u0107 si\u0119 w tajnikach nurtu psychodynamicznego czytaj\u0105c, ale tak\u017ce ogl\u0105daj\u0105c. I nie mam tu na my\u015bli wy\u0142\u0105cznie grafik znajduj\u0105cych si\u0119 w tym opracowaniu. Autor udost\u0119pnia nam tak\u017ce nagrania&#8230;<\/p>\n","protected":false},"author":1,"featured_media":1476,"comment_status":"open","ping_status":"open","sticky":false,"template":"","format":"standard","meta":[],"categories":[4],"tags":[],"_links":{"self":[{"href":"http:\/\/ambiwalencja.pl\/blog\/wp-json\/wp\/v2\/posts\/1353"}],"collection":[{"href":"http:\/\/ambiwalencja.pl\/blog\/wp-json\/wp\/v2\/posts"}],"about":[{"href":"http:\/\/ambiwalencja.pl\/blog\/wp-json\/wp\/v2\/types\/post"}],"author":[{"embeddable":true,"href":"http:\/\/ambiwalencja.pl\/blog\/wp-json\/wp\/v2\/users\/1"}],"replies":[{"embeddable":true,"href":"http:\/\/ambiwalencja.pl\/blog\/wp-json\/wp\/v2\/comments?post=1353"}],"version-history":[{"count":3,"href":"http:\/\/ambiwalencja.pl\/blog\/wp-json\/wp\/v2\/posts\/1353\/revisions"}],"predecessor-version":[{"id":1487,"href":"http:\/\/ambiwalencja.pl\/blog\/wp-json\/wp\/v2\/posts\/1353\/revisions\/1487"}],"wp:featuredmedia":[{"embeddable":true,"href":"http:\/\/ambiwalencja.pl\/blog\/wp-json\/wp\/v2\/media\/1476"}],"wp:attachment":[{"href":"http:\/\/ambiwalencja.pl\/blog\/wp-json\/wp\/v2\/media?parent=1353"}],"wp:term":[{"taxonomy":"category","embeddable":true,"href":"http:\/\/ambiwalencja.pl\/blog\/wp-json\/wp\/v2\/categories?post=1353"},{"taxonomy":"post_tag","embeddable":true,"href":"http:\/\/ambiwalencja.pl\/blog\/wp-json\/wp\/v2\/tags?post=1353"}],"curies":[{"name":"wp","href":"https:\/\/api.w.org\/{rel}","templated":true}]}}