{"id":1404,"date":"2025-01-25T18:10:57","date_gmt":"2025-01-25T18:10:57","guid":{"rendered":"https:\/\/ambiwalencja.pl\/blog\/?p=1404"},"modified":"2025-01-25T18:18:08","modified_gmt":"2025-01-25T18:18:08","slug":"warsztaty-kolazowe-jestem-silna-bo-agnieszka-pilecka-marta-frej","status":"publish","type":"post","link":"http:\/\/ambiwalencja.pl\/blog\/warsztaty-kolazowe-jestem-silna-bo-agnieszka-pilecka-marta-frej\/","title":{"rendered":"Warsztaty kola\u017cowe &#8222;Jestem silna bo&#8221; &#8211; Agnieszka Pilecka &#038; Marta Frej"},"content":{"rendered":"\n<figure class=\"wp-block-image size-large\"><a href=\"https:\/\/ambiwalencja.pl\/blog\/wp-content\/uploads\/2025\/01\/8.jpg\"><img loading=\"lazy\" width=\"1024\" height=\"1024\" src=\"https:\/\/ambiwalencja.pl\/blog\/wp-content\/uploads\/2025\/01\/8-1024x1024.jpg\" alt=\"\" class=\"wp-image-1413\" srcset=\"http:\/\/ambiwalencja.pl\/blog\/wp-content\/uploads\/2025\/01\/8-1024x1024.jpg 1024w, http:\/\/ambiwalencja.pl\/blog\/wp-content\/uploads\/2025\/01\/8-300x300.jpg 300w, http:\/\/ambiwalencja.pl\/blog\/wp-content\/uploads\/2025\/01\/8-150x150.jpg 150w, http:\/\/ambiwalencja.pl\/blog\/wp-content\/uploads\/2025\/01\/8-768x768.jpg 768w, http:\/\/ambiwalencja.pl\/blog\/wp-content\/uploads\/2025\/01\/8-1536x1536.jpg 1536w, http:\/\/ambiwalencja.pl\/blog\/wp-content\/uploads\/2025\/01\/8-2048x2048.jpg 2048w\" sizes=\"(max-width: 1024px) 100vw, 1024px\" \/><\/a><\/figure>\n\n\n\n<p><\/p>\n\n\n\n<p><\/p>\n\n\n\n<p><\/p>\n\n\n\n<p>Warsztaty &#8222;Jestem silna, bo&#8221; powsta\u0142y na kanwie projektu artystycznego Marty Frej o tym samym tytule. S\u0105 jego rozwini\u0119ciem, opartym na pracy grupowej.<\/p>\n\n\n\n<p>Ja, czyli Agnieszka Pilecka &#8211; psychoterapeutka, wraz z Mart\u0105 Frej &#8211; artystk\u0105 wizualn\u0105, zaprosimy uczestniczki do r\u00f3\u017cnych \u0107wicze\u0144, burzy m\u00f3zg\u00f3w, dyskusji wok\u00f3\u0142 poj\u0119\u0107 SI\u0141Y\/ MOCY.<\/p>\n\n\n\n<p><\/p>\n\n\n\n<p>B\u0119dziemy szuka\u0107 odpowiedzi na nast\u0119puj\u0105ce pytania;<\/p>\n\n\n\n<div class=\"wp-container-3 wp-block-group\"><div class=\"wp-block-group__inner-container\">\n<div class=\"wp-container-2 wp-block-columns\">\n<div class=\"wp-container-1 wp-block-column\" style=\"flex-basis:100%\">\n<figure class=\"wp-block-image size-large\"><a href=\"https:\/\/ambiwalencja.pl\/blog\/wp-content\/uploads\/2025\/01\/1.jpg\"><img loading=\"lazy\" width=\"1024\" height=\"1024\" src=\"https:\/\/ambiwalencja.pl\/blog\/wp-content\/uploads\/2025\/01\/1-1024x1024.jpg\" alt=\"\" class=\"wp-image-1405\" srcset=\"http:\/\/ambiwalencja.pl\/blog\/wp-content\/uploads\/2025\/01\/1-1024x1024.jpg 1024w, http:\/\/ambiwalencja.pl\/blog\/wp-content\/uploads\/2025\/01\/1-300x300.jpg 300w, http:\/\/ambiwalencja.pl\/blog\/wp-content\/uploads\/2025\/01\/1-150x150.jpg 150w, http:\/\/ambiwalencja.pl\/blog\/wp-content\/uploads\/2025\/01\/1-768x768.jpg 768w, http:\/\/ambiwalencja.pl\/blog\/wp-content\/uploads\/2025\/01\/1-1536x1536.jpg 1536w, http:\/\/ambiwalencja.pl\/blog\/wp-content\/uploads\/2025\/01\/1.jpg 2048w\" sizes=\"(max-width: 1024px) 100vw, 1024px\" \/><\/a><\/figure>\n<\/div>\n<\/div>\n<\/div><\/div>\n\n\n\n<figure class=\"wp-block-image size-large is-style-rounded\"><a href=\"https:\/\/ambiwalencja.pl\/blog\/wp-content\/uploads\/2025\/01\/2.jpg\"><img loading=\"lazy\" width=\"1024\" height=\"1024\" src=\"https:\/\/ambiwalencja.pl\/blog\/wp-content\/uploads\/2025\/01\/2-1024x1024.jpg\" alt=\"\" class=\"wp-image-1406\" srcset=\"http:\/\/ambiwalencja.pl\/blog\/wp-content\/uploads\/2025\/01\/2-1024x1024.jpg 1024w, http:\/\/ambiwalencja.pl\/blog\/wp-content\/uploads\/2025\/01\/2-300x300.jpg 300w, http:\/\/ambiwalencja.pl\/blog\/wp-content\/uploads\/2025\/01\/2-150x150.jpg 150w, http:\/\/ambiwalencja.pl\/blog\/wp-content\/uploads\/2025\/01\/2-768x768.jpg 768w, http:\/\/ambiwalencja.pl\/blog\/wp-content\/uploads\/2025\/01\/2-1536x1536.jpg 1536w, http:\/\/ambiwalencja.pl\/blog\/wp-content\/uploads\/2025\/01\/2.jpg 2048w\" sizes=\"(max-width: 1024px) 100vw, 1024px\" \/><\/a><\/figure>\n\n\n\n<figure class=\"wp-block-image size-large\"><a href=\"https:\/\/ambiwalencja.pl\/blog\/wp-content\/uploads\/2025\/01\/3.jpg\"><img loading=\"lazy\" width=\"1024\" height=\"1024\" src=\"https:\/\/ambiwalencja.pl\/blog\/wp-content\/uploads\/2025\/01\/3-1024x1024.jpg\" alt=\"\" class=\"wp-image-1407\" srcset=\"http:\/\/ambiwalencja.pl\/blog\/wp-content\/uploads\/2025\/01\/3-1024x1024.jpg 1024w, http:\/\/ambiwalencja.pl\/blog\/wp-content\/uploads\/2025\/01\/3-300x300.jpg 300w, http:\/\/ambiwalencja.pl\/blog\/wp-content\/uploads\/2025\/01\/3-150x150.jpg 150w, http:\/\/ambiwalencja.pl\/blog\/wp-content\/uploads\/2025\/01\/3-768x768.jpg 768w, http:\/\/ambiwalencja.pl\/blog\/wp-content\/uploads\/2025\/01\/3-1536x1536.jpg 1536w, http:\/\/ambiwalencja.pl\/blog\/wp-content\/uploads\/2025\/01\/3.jpg 2048w\" sizes=\"(max-width: 1024px) 100vw, 1024px\" \/><\/a><\/figure>\n\n\n\n<figure class=\"wp-block-image size-large is-style-rounded\"><a href=\"https:\/\/ambiwalencja.pl\/blog\/wp-content\/uploads\/2025\/01\/4.jpg\"><img loading=\"lazy\" width=\"2048\" height=\"2048\" src=\"https:\/\/ambiwalencja.pl\/blog\/wp-content\/uploads\/2025\/01\/4-1024x1024.jpg\" alt=\"\" class=\"wp-image-1408\" srcset=\"http:\/\/ambiwalencja.pl\/blog\/wp-content\/uploads\/2025\/01\/4-1024x1024.jpg 1024w, http:\/\/ambiwalencja.pl\/blog\/wp-content\/uploads\/2025\/01\/4-300x300.jpg 300w, http:\/\/ambiwalencja.pl\/blog\/wp-content\/uploads\/2025\/01\/4-150x150.jpg 150w, http:\/\/ambiwalencja.pl\/blog\/wp-content\/uploads\/2025\/01\/4-768x768.jpg 768w, http:\/\/ambiwalencja.pl\/blog\/wp-content\/uploads\/2025\/01\/4-1536x1536.jpg 1536w, http:\/\/ambiwalencja.pl\/blog\/wp-content\/uploads\/2025\/01\/4.jpg 2048w\" sizes=\"(max-width: 2048px) 100vw, 2048px\" \/><\/a><\/figure>\n\n\n\n<figure class=\"wp-block-image size-large\"><a href=\"https:\/\/ambiwalencja.pl\/blog\/wp-content\/uploads\/2025\/01\/5.jpg\"><img loading=\"lazy\" width=\"1024\" height=\"1024\" src=\"https:\/\/ambiwalencja.pl\/blog\/wp-content\/uploads\/2025\/01\/5-1024x1024.jpg\" alt=\"\" class=\"wp-image-1409\" srcset=\"http:\/\/ambiwalencja.pl\/blog\/wp-content\/uploads\/2025\/01\/5-1024x1024.jpg 1024w, http:\/\/ambiwalencja.pl\/blog\/wp-content\/uploads\/2025\/01\/5-300x300.jpg 300w, http:\/\/ambiwalencja.pl\/blog\/wp-content\/uploads\/2025\/01\/5-150x150.jpg 150w, http:\/\/ambiwalencja.pl\/blog\/wp-content\/uploads\/2025\/01\/5-768x768.jpg 768w, http:\/\/ambiwalencja.pl\/blog\/wp-content\/uploads\/2025\/01\/5-1536x1536.jpg 1536w, http:\/\/ambiwalencja.pl\/blog\/wp-content\/uploads\/2025\/01\/5.jpg 2048w\" sizes=\"(max-width: 1024px) 100vw, 1024px\" \/><\/a><\/figure>\n\n\n\n<figure class=\"wp-block-image size-large is-style-rounded\"><a href=\"https:\/\/ambiwalencja.pl\/blog\/wp-content\/uploads\/2025\/01\/6.jpg\"><img loading=\"lazy\" width=\"1024\" height=\"1024\" src=\"https:\/\/ambiwalencja.pl\/blog\/wp-content\/uploads\/2025\/01\/6-1024x1024.jpg\" alt=\"\" class=\"wp-image-1410\" srcset=\"http:\/\/ambiwalencja.pl\/blog\/wp-content\/uploads\/2025\/01\/6-1024x1024.jpg 1024w, http:\/\/ambiwalencja.pl\/blog\/wp-content\/uploads\/2025\/01\/6-300x300.jpg 300w, http:\/\/ambiwalencja.pl\/blog\/wp-content\/uploads\/2025\/01\/6-150x150.jpg 150w, http:\/\/ambiwalencja.pl\/blog\/wp-content\/uploads\/2025\/01\/6-768x768.jpg 768w, http:\/\/ambiwalencja.pl\/blog\/wp-content\/uploads\/2025\/01\/6-1536x1536.jpg 1536w, http:\/\/ambiwalencja.pl\/blog\/wp-content\/uploads\/2025\/01\/6.jpg 2048w\" sizes=\"(max-width: 1024px) 100vw, 1024px\" \/><\/a><\/figure>\n\n\n\n<p><\/p>\n\n\n\n<p>Przy pomocy prostej techniki kola\u017cu stworzymy zapis naszej pracy- graficzny totem si\u0142y, kt\u00f3ry b\u0119dzie przypomina\u0107 nam, \u017ce to my same mo\u017cemy da\u0107 sobie najwi\u0119cej! &lt;3<\/p>\n\n\n\n<p><\/p>\n\n\n\n<p>Weekendowe warsztaty kola\u017cowe &#8222;Jestem silna bo&#8221;!<br>Termin: 1-2.02.2025<br>Sobota 15-18<br>Niedziela 11-14<br>Miejsce: Ul. \u015awi\u0119toja\u0144ska 100 C, Gdynia<br>Prowadz\u0105ce:<br>Marta Frej<br>Agnieszka Pilecka<br>Grupa: max 8 kobiet<\/p>\n\n\n\n<p>Wi\u0119cej informacji:<br>jestemsilnabo@admin<\/p>\n\n\n\n<figure class=\"wp-block-image size-large\"><a href=\"https:\/\/ambiwalencja.pl\/blog\/wp-content\/uploads\/2025\/01\/G1-scaled.jpg\"><img loading=\"lazy\" width=\"1024\" height=\"717\" src=\"https:\/\/ambiwalencja.pl\/blog\/wp-content\/uploads\/2025\/01\/G1-1024x717.jpg\" alt=\"\" class=\"wp-image-1412\" srcset=\"http:\/\/ambiwalencja.pl\/blog\/wp-content\/uploads\/2025\/01\/G1-1024x717.jpg 1024w, http:\/\/ambiwalencja.pl\/blog\/wp-content\/uploads\/2025\/01\/G1-300x210.jpg 300w, http:\/\/ambiwalencja.pl\/blog\/wp-content\/uploads\/2025\/01\/G1-768x538.jpg 768w, http:\/\/ambiwalencja.pl\/blog\/wp-content\/uploads\/2025\/01\/G1-1536x1075.jpg 1536w, http:\/\/ambiwalencja.pl\/blog\/wp-content\/uploads\/2025\/01\/G1-2048x1433.jpg 2048w\" sizes=\"(max-width: 1024px) 100vw, 1024px\" \/><\/a><\/figure>\n","protected":false},"excerpt":{"rendered":"<p>Warsztaty &#8222;Jestem silna, bo&#8221; powsta\u0142y na kanwie projektu artystycznego Marty Frej o tym samym tytule. S\u0105 jego rozwini\u0119ciem, opartym na pracy grupowej. Ja, czyli Agnieszka Pilecka &#8211; psychoterapeutka, wraz z Mart\u0105 Frej &#8211; artystk\u0105 wizualn\u0105, zaprosimy uczestniczki do r\u00f3\u017cnych \u0107wicze\u0144,&#8230;<\/p>\n","protected":false},"author":1,"featured_media":1413,"comment_status":"open","ping_status":"open","sticky":false,"template":"","format":"standard","meta":[],"categories":[290],"tags":[294,293,295,298,297,291,296],"_links":{"self":[{"href":"http:\/\/ambiwalencja.pl\/blog\/wp-json\/wp\/v2\/posts\/1404"}],"collection":[{"href":"http:\/\/ambiwalencja.pl\/blog\/wp-json\/wp\/v2\/posts"}],"about":[{"href":"http:\/\/ambiwalencja.pl\/blog\/wp-json\/wp\/v2\/types\/post"}],"author":[{"embeddable":true,"href":"http:\/\/ambiwalencja.pl\/blog\/wp-json\/wp\/v2\/users\/1"}],"replies":[{"embeddable":true,"href":"http:\/\/ambiwalencja.pl\/blog\/wp-json\/wp\/v2\/comments?post=1404"}],"version-history":[{"count":3,"href":"http:\/\/ambiwalencja.pl\/blog\/wp-json\/wp\/v2\/posts\/1404\/revisions"}],"predecessor-version":[{"id":1416,"href":"http:\/\/ambiwalencja.pl\/blog\/wp-json\/wp\/v2\/posts\/1404\/revisions\/1416"}],"wp:featuredmedia":[{"embeddable":true,"href":"http:\/\/ambiwalencja.pl\/blog\/wp-json\/wp\/v2\/media\/1413"}],"wp:attachment":[{"href":"http:\/\/ambiwalencja.pl\/blog\/wp-json\/wp\/v2\/media?parent=1404"}],"wp:term":[{"taxonomy":"category","embeddable":true,"href":"http:\/\/ambiwalencja.pl\/blog\/wp-json\/wp\/v2\/categories?post=1404"},{"taxonomy":"post_tag","embeddable":true,"href":"http:\/\/ambiwalencja.pl\/blog\/wp-json\/wp\/v2\/tags?post=1404"}],"curies":[{"name":"wp","href":"https:\/\/api.w.org\/{rel}","templated":true}]}}