{"id":1438,"date":"2025-10-23T16:21:51","date_gmt":"2025-10-23T16:21:51","guid":{"rendered":"https:\/\/ambiwalencja.pl\/blog\/?p=1438"},"modified":"2025-10-23T16:31:14","modified_gmt":"2025-10-23T16:31:14","slug":"wszystko-mam-bardziej-zycie-w-spektrum-autyzmu-jacek-holub","status":"publish","type":"post","link":"http:\/\/ambiwalencja.pl\/blog\/wszystko-mam-bardziej-zycie-w-spektrum-autyzmu-jacek-holub\/","title":{"rendered":"Wszystko mam bardziej. \u017bycie w spektrum autyzmu &#8211; Jacek Ho\u0142ub"},"content":{"rendered":"\n<p><em>Wszystko mam bardziej. \u017bycie w spektrum autyzmu<\/em> to reporta\u017c, kt\u00f3ry wzi\u0105\u0142 mnie znienacka. Nie by\u0142am \u015bwiadoma, \u017ce chc\u0119 go przeczyta\u0107. Ba, nawet nie wiedzia\u0142am, \u017ce on istnieje. Ale gdy ksi\u0105\u017cka wpad\u0142a mi w r\u0119ce, zaintrygowana chcia\u0142am przeczyta\u0107 tylko kilka zda\u0144&#8230; i mnie wch\u0142on\u0119\u0142o.<\/p>\n\n\n\n<p>Jacek Ho\u0142ub to autor ksi\u0105\u017cek reporterskich, z kt\u00f3rymi jak dot\u0105d nie mia\u0142am do czynienia. Z premedytacj\u0105 napisa\u0142am &#8222;jak dot\u0105d&#8221;, bowiem po lekturze od razu zacz\u0119\u0142am szuka\u0107 kolejnych pozycji. Wida\u0107, \u017ce facet zna si\u0119 na rzeczy, pisze w spos\u00f3b zrozumia\u0142y, zaciekawiaj\u0105cy. Ale te\u017c, co wa\u017cne, dobiera osoby do rozm\u00f3w w taki spos\u00f3b, by by\u0142o r\u00f3\u017cnorodnie, pe\u0142nowymiarowo. Bez zamykania si\u0119 w jakiej\u015b ba\u0144ce.<\/p>\n\n\n\n<p>Przytoczone tu dyskusje z osobami w spektrum, ale te\u017c ich bliskimi dotykaj\u0105 wielu obszar\u00f3w. Mamy tu w\u0105tki samego, codziennego funkcjonowania, trudno\u015bci, ale te\u017c rado\u015bci. Jest ukazana strona pomocowa, terapeutyczna, zar\u00f3wno od tej dobrej, jak i z\u0142ej strony. Nie jest to jednostronne, p\u0142askie. S\u0105 i dobre i te z\u0142e do\u015bwiadczenia &#8211; jak to w \u017cyciu. <\/p>\n\n\n\n<p>Szczeg\u00f3lnie ciekawych dla mnie w\u0105tkiem by\u0142a kwestia relacji. Ale to pewnie z racji wykonywanego przeze mnie zawodu, relacje s\u0105 czym\u015b bardzo interesuj\u0105cym, a jednocze\u015bnie trudnym. Nie tylko w kwestii os\u00f3b ze spektrum.<\/p>\n\n\n\n<p>Czytaj\u0105c, mia\u0142am wra\u017cenie, \u017ce mamy tu pe\u0142en przekr\u00f3j spo\u0142ecze\u0144stwa. Zar\u00f3wno kobiety, m\u0119\u017cczyzn, jak i osoby niebinarne. Doros\u0142ych, dzieci, a nawet m\u0142odzie\u017c. Osoby z niepe\u0142nosprawno\u015bci\u0105 i osoby zdrowe, towarzysz\u0105ce im w codzienno\u015bci. Terapeutki, psycholo\u017cki, ale te\u017c rodzic\u00f3w. Wida\u0107, \u017ce autor po\u015bwi\u0119ci\u0142 du\u017co czasu by odpowiednio dobra\u0107 ludzi do rozm\u00f3w, by ukaza\u0107 pe\u0142en obraz.<\/p>\n\n\n\n<figure class=\"wp-block-image size-large\"><a href=\"https:\/\/ambiwalencja.pl\/blog\/wp-content\/uploads\/2025\/10\/3pXPy0mw.jpg\"><img loading=\"lazy\" width=\"1024\" height=\"771\" src=\"https:\/\/ambiwalencja.pl\/blog\/wp-content\/uploads\/2025\/10\/3pXPy0mw-1024x771.jpg\" alt=\"\" class=\"wp-image-1441\" srcset=\"http:\/\/ambiwalencja.pl\/blog\/wp-content\/uploads\/2025\/10\/3pXPy0mw-1024x771.jpg 1024w, http:\/\/ambiwalencja.pl\/blog\/wp-content\/uploads\/2025\/10\/3pXPy0mw-300x226.jpg 300w, http:\/\/ambiwalencja.pl\/blog\/wp-content\/uploads\/2025\/10\/3pXPy0mw-768x578.jpg 768w, http:\/\/ambiwalencja.pl\/blog\/wp-content\/uploads\/2025\/10\/3pXPy0mw-1536x1157.jpg 1536w, http:\/\/ambiwalencja.pl\/blog\/wp-content\/uploads\/2025\/10\/3pXPy0mw.jpg 2048w\" sizes=\"(max-width: 1024px) 100vw, 1024px\" \/><\/a><\/figure>\n\n\n\n<p>Generalnie jestem osob\u0105, kt\u00f3ra lubi si\u0119 czasem do czego\u015b przyczepi\u0107. No i uwa\u017cam, \u017ce nie ma ksi\u0105\u017cek, rzeczy, generalnie nie istnieje nic, co jest w stu procentach super. Nie ma rzeczy z samymi zaletami, bez wad. No i szuka\u0142am. I tu naprawd\u0119 musia\u0142am szuka\u0107, skupi\u0107 si\u0119, by znale\u017a\u0107 co\u015b, co mnie jako\u015b zatrzyma, na co zwr\u00f3c\u0119 uwag\u0119. I uda\u0142o si\u0119.<\/p>\n\n\n\n<p>Mo\u017ce dla wielu os\u00f3b to drobnostka, ale uderzy\u0142o w m\u00f3j bran\u017cowy, specjalistyczny kawa\u0142ek. W tek\u015bcie wspomniany jest &#8222;o\u015brodek zamkni\u0119ty&#8221;, zamiast &#8222;o\u015brodek stacjonarny&#8221; w kontek\u015bcie leczenia uzale\u017cnie\u0144. A to b\u0142\u0105d, na kt\u00f3ry jestem przeczulona, gdy\u017c wzmaga stygmatyzacj\u0119, ale te\u017c zniech\u0119ca osoby chore do podj\u0119cia leczenia. Nikt nigdzie nie zamyka os\u00f3b zmagaj\u0105cych si\u0119 z uzale\u017cnieniem. <\/p>\n\n\n\n<p>I to w zasadzie jedyna rzecz, jakiej w trakcie si\u0119 przyczepi\u0142am. I jest to b\u0142\u0105d, ale te\u017c da\u0142 mi szans\u0119 na ug\u0142o\u015bnienia go po raz kolejny, w kolejnym miejscu. (By\u0142y czasy, \u017ce prowadz\u0105c zaj\u0119cia na psychologii na SWPS w\u0105tek ten &#8211; pod postaci\u0105 podchwytliwego pytania &#8211; pojawia\u0142 si\u0119 nawet na egzaminie). Co ciekawe, ksi\u0105\u017ck\u0119 uwa\u017cam za tak dobr\u0105, \u017ce nawet to potkni\u0119cie przyj\u0119\u0142am z u\u015bmiechem.<\/p>\n\n\n\n<p>Na szczeg\u00f3ln\u0105 uwag\u0119 zas\u0142uguje rozdzia\u0142: &#8222;List doros\u0142ych w spektrum autyzmu do rodzic\u00f3w dzieci w spektrum autyzmu&#8221; w kt\u00f3rym to autorzy podaj\u0105 r\u00f3\u017cnego rodzaju prawdy, t\u0142umacz\u0105c je w spos\u00f3b prosty, przyst\u0119pny&#8230; Mo\u017cna to nazwa\u0107 roboczo tak\u0105 &#8222;instrukcj\u0105 obs\u0142ugi&#8221;, ale nie zimn\u0105, wykalkulowan\u0105, tylko wr\u0119cz poruszaj\u0105c\u0105. A przynajmniej dla mnie takow\u0105 by\u0142a. <\/p>\n\n\n\n<p><em>Wszystko mam bardziej. \u017bycie w spektrum autyzmu<\/em> to \u015bwietna lektura, nie tylko dla os\u00f3b w spektrum i ich bliskich, ale generalnie dla ludzko\u015bci. Gdybym mia\u0142a wp\u0142yw na dob\u00f3r lektur szkolnych, to w\u0142a\u015bnie t\u0119 pozycj\u0119 bym tam zaproponowa\u0142a. Takie ksi\u0105\u017cki s\u0105 wa\u017cne, bo pomagaj\u0105 nam zrozumie\u0107 i dzi\u0119ki temu zrozumieniu, by\u0107 bardziej empatyczni, wyrozumiali&#8230; ludzcy. <\/p>\n\n\n\n<p><\/p>\n\n\n\n<p><\/p>\n\n\n\n<p><\/p>\n\n\n\n<script src=\"https:\/\/buybox.click\/js\/widget.min.js\"><\/script>\n<span class=\"bb-widget\" id=\"buybox-qzsa\" data-bb-id=\"9520\" data-bb-oid=\"195274790\"><\/span>\n\n\n\n<pre class=\"wp-block-preformatted\"><strong>Tytu\u0142:<\/strong> <em>Wszystko mam bardziej. \u017bycie w spektrum autyzmu<\/em>\n<strong>Autor:<\/strong> Jacek Ho\u0142ub<strong>\nWydawnictwo: <\/strong>Czarne<strong>\nRok: <\/strong>2025\n<strong>Ilo\u015b\u0107 stron:<\/strong> 248\n<\/pre>\n\n\n\n<p class=\"has-text-align-center\"><strong>Za ksi\u0105\u017ck\u0119 dzi\u0119kuj\u0119:<\/strong><\/p>\n\n\n\n<p class=\"has-text-align-center\">                                                              <\/p>\n\n\n<div class=\"wp-block-image\">\n<figure class=\"aligncenter size-full\"><a href=\"https:\/\/czarne.com.pl\/\" target=\"_blank\" rel=\"noreferrer noopener\"><img loading=\"lazy\" width=\"117\" height=\"73\" src=\"https:\/\/ambiwalencja.pl\/blog\/wp-content\/uploads\/2025\/09\/logoczarne.png\" alt=\"\" class=\"wp-image-1433\"\/><\/a><\/figure><\/div>\n\n\n<p class=\"has-text-align-center\">           <\/p>\n","protected":false},"excerpt":{"rendered":"<p>Wszystko mam bardziej. \u017bycie w spektrum autyzmu to reporta\u017c, kt\u00f3ry wzi\u0105\u0142 mnie znienacka. Nie by\u0142am \u015bwiadoma, \u017ce chc\u0119 go przeczyta\u0107. Ba, nawet nie wiedzia\u0142am, \u017ce on istnieje. Ale gdy ksi\u0105\u017cka wpad\u0142a mi w r\u0119ce, zaintrygowana chcia\u0142am przeczyta\u0107 tylko kilka zda\u0144&#8230;&#8230;<\/p>\n","protected":false},"author":1,"featured_media":1441,"comment_status":"open","ping_status":"open","sticky":false,"template":"","format":"standard","meta":[],"categories":[4],"tags":[304,302,303,301],"_links":{"self":[{"href":"http:\/\/ambiwalencja.pl\/blog\/wp-json\/wp\/v2\/posts\/1438"}],"collection":[{"href":"http:\/\/ambiwalencja.pl\/blog\/wp-json\/wp\/v2\/posts"}],"about":[{"href":"http:\/\/ambiwalencja.pl\/blog\/wp-json\/wp\/v2\/types\/post"}],"author":[{"embeddable":true,"href":"http:\/\/ambiwalencja.pl\/blog\/wp-json\/wp\/v2\/users\/1"}],"replies":[{"embeddable":true,"href":"http:\/\/ambiwalencja.pl\/blog\/wp-json\/wp\/v2\/comments?post=1438"}],"version-history":[{"count":3,"href":"http:\/\/ambiwalencja.pl\/blog\/wp-json\/wp\/v2\/posts\/1438\/revisions"}],"predecessor-version":[{"id":1442,"href":"http:\/\/ambiwalencja.pl\/blog\/wp-json\/wp\/v2\/posts\/1438\/revisions\/1442"}],"wp:featuredmedia":[{"embeddable":true,"href":"http:\/\/ambiwalencja.pl\/blog\/wp-json\/wp\/v2\/media\/1441"}],"wp:attachment":[{"href":"http:\/\/ambiwalencja.pl\/blog\/wp-json\/wp\/v2\/media?parent=1438"}],"wp:term":[{"taxonomy":"category","embeddable":true,"href":"http:\/\/ambiwalencja.pl\/blog\/wp-json\/wp\/v2\/categories?post=1438"},{"taxonomy":"post_tag","embeddable":true,"href":"http:\/\/ambiwalencja.pl\/blog\/wp-json\/wp\/v2\/tags?post=1438"}],"curies":[{"name":"wp","href":"https:\/\/api.w.org\/{rel}","templated":true}]}}