{"id":260,"date":"2021-07-03T18:12:12","date_gmt":"2021-07-03T18:12:12","guid":{"rendered":"http:\/\/ambiwalencja.pl\/blog\/?p=260"},"modified":"2022-01-11T18:51:23","modified_gmt":"2022-01-11T18:51:23","slug":"terapia-osob-uzaleznionych-i-ich-bliskich-nr-1-2021","status":"publish","type":"post","link":"http:\/\/ambiwalencja.pl\/blog\/terapia-osob-uzaleznionych-i-ich-bliskich-nr-1-2021\/","title":{"rendered":"Terapia Os\u00f3b Uzale\u017cnionych i ich Bliskich &#8211; Nr 1\/2021"},"content":{"rendered":"\n<p>Niedawno pojawi\u0142 si\u0119 \u015bwie\u017cy numer, nowego &#8211; cho\u0107 starego &#8211; kwartalnika. Bardzo ucieszy\u0142a mnie wie\u015b\u0107 dotycz\u0105ca powrotu magazynu, ale jeszcze wi\u0119cej rado\u015bci wywo\u0142a\u0142a we mnie zmiana nazwy.<\/p>\n\n\n\n<p>Magazyn przez 23. lata funkcjonowa\u0142 pod nazw\u0105: &#8222;Terapia Uzale\u017cnienia i Wsp\u00f3\u0142uzale\u017cnienia&#8221;. Teraz wkroczy\u0142 pod tytu\u0142em nie tak bardzo stygmatyzuj\u0105cym, jak to by\u0142o dawniej. I ta zmiana, cho\u0107 mog\u0142oby si\u0119 wydawa\u0107: niewielka, dla mnie osobi\u015bcie jest olbrzymia. Zatem z jeszcze wi\u0119ksz\u0105 ch\u0119ci\u0105 i ciekawo\u015bci\u0105 si\u0119gam do lektury.<\/p>\n\n\n\n<p>\u0141adnie wydane, proste i przede wszystkim merytoryczne czasopismo to co\u015b co serwuje nam naczelny: Ireneusz Karczmarczyk. <\/p>\n\n\n\n<figure class=\"wp-block-image\"><img loading=\"lazy\" width=\"1000\" height=\"726\" src=\"http:\/\/ambiwalencja.pl\/blog\/wp-content\/uploads\/2022\/01\/1-2021.jpg\" alt=\"\" class=\"wp-image-261\" srcset=\"http:\/\/ambiwalencja.pl\/blog\/wp-content\/uploads\/2022\/01\/1-2021.jpg 1000w, http:\/\/ambiwalencja.pl\/blog\/wp-content\/uploads\/2022\/01\/1-2021-300x218.jpg 300w, http:\/\/ambiwalencja.pl\/blog\/wp-content\/uploads\/2022\/01\/1-2021-768x558.jpg 768w\" sizes=\"(max-width: 1000px) 100vw, 1000px\" \/><\/figure>\n\n\n\n<p>W pierwszym numerze mo\u017cemy zapozna\u0107 si\u0119 tekstami, kt\u00f3re sporz\u0105dzili dla nas mi\u0119dzy innymi: prof. Czes\u0142aw Czaba\u0142a, Anna Baku\u0142a, Bogus\u0142awa Bukowska czy te\u017c Bohdan T. Woronowicz. <\/p>\n\n\n\n<p>A dlaczego o tym pisz\u0119?<br>Przede wszystkim dlatego, \u017ce ciesz\u0119 si\u0119 z nowej nazwy!<br>A dlaczego akurat dzi\u015b?<br>Bo w ko\u0144cu ukaza\u0142a si\u0119 oficjalna strona kwartalnika, a tak\u017ce fanpage na Facebook&#8217;u. My\u015bl\u0119, \u017ce to co\u015b co warto \u015bledzi\u0107 by by\u0107 na bie\u017c\u0105co:<\/p>\n\n\n\n<p><a rel=\"noreferrer noopener\" aria-label=\"https:\/\/touib.pl\/\n (otwiera si\u0119 na nowej zak\u0142adce)\" href=\"https:\/\/touib.pl\/\" target=\"_blank\">https:\/\/touib.pl\/<\/a><br><a href=\"https:\/\/www.facebook.com\/Terapia-Os%C3%B3b-Uzale%C5%BCnionych-i-ich-Bliskich-101468928777154\/\" target=\"_blank\" rel=\"noreferrer noopener\" aria-label=\"Fanpage TOUIB (otwiera si\u0119 na nowej zak\u0142adce)\">Fanpage TOUIB<\/a><br><\/p>\n\n\n\n<p><a rel=\"noreferrer noopener\" aria-label=\"https:\/\/touib.pl\/\n (otwiera si\u0119 na nowej zak\u0142adce)\" href=\"https:\/\/touib.pl\/\" target=\"_blank\"><br><\/a><\/p>\n\n\n\n<p> <\/p>\n","protected":false},"excerpt":{"rendered":"<p>Niedawno pojawi\u0142 si\u0119 \u015bwie\u017cy numer, nowego &#8211; cho\u0107 starego &#8211; kwartalnika. Bardzo ucieszy\u0142a mnie wie\u015b\u0107 dotycz\u0105ca powrotu magazynu, ale jeszcze wi\u0119cej rado\u015bci wywo\u0142a\u0142a we mnie zmiana nazwy. Magazyn przez 23. lata funkcjonowa\u0142 pod nazw\u0105: &#8222;Terapia Uzale\u017cnienia i Wsp\u00f3\u0142uzale\u017cnienia&#8221;. Teraz wkroczy\u0142&#8230;<\/p>\n","protected":false},"author":1,"featured_media":261,"comment_status":"open","ping_status":"open","sticky":false,"template":"","format":"standard","meta":[],"categories":[88],"tags":[86,80,87,82,81,79],"_links":{"self":[{"href":"http:\/\/ambiwalencja.pl\/blog\/wp-json\/wp\/v2\/posts\/260"}],"collection":[{"href":"http:\/\/ambiwalencja.pl\/blog\/wp-json\/wp\/v2\/posts"}],"about":[{"href":"http:\/\/ambiwalencja.pl\/blog\/wp-json\/wp\/v2\/types\/post"}],"author":[{"embeddable":true,"href":"http:\/\/ambiwalencja.pl\/blog\/wp-json\/wp\/v2\/users\/1"}],"replies":[{"embeddable":true,"href":"http:\/\/ambiwalencja.pl\/blog\/wp-json\/wp\/v2\/comments?post=260"}],"version-history":[{"count":1,"href":"http:\/\/ambiwalencja.pl\/blog\/wp-json\/wp\/v2\/posts\/260\/revisions"}],"predecessor-version":[{"id":262,"href":"http:\/\/ambiwalencja.pl\/blog\/wp-json\/wp\/v2\/posts\/260\/revisions\/262"}],"wp:featuredmedia":[{"embeddable":true,"href":"http:\/\/ambiwalencja.pl\/blog\/wp-json\/wp\/v2\/media\/261"}],"wp:attachment":[{"href":"http:\/\/ambiwalencja.pl\/blog\/wp-json\/wp\/v2\/media?parent=260"}],"wp:term":[{"taxonomy":"category","embeddable":true,"href":"http:\/\/ambiwalencja.pl\/blog\/wp-json\/wp\/v2\/categories?post=260"},{"taxonomy":"post_tag","embeddable":true,"href":"http:\/\/ambiwalencja.pl\/blog\/wp-json\/wp\/v2\/tags?post=260"}],"curies":[{"name":"wp","href":"https:\/\/api.w.org\/{rel}","templated":true}]}}