{"id":294,"date":"2021-09-16T17:04:13","date_gmt":"2021-09-16T17:04:13","guid":{"rendered":"http:\/\/ambiwalencja.pl\/blog\/?p=294"},"modified":"2022-01-24T19:08:13","modified_gmt":"2022-01-24T19:08:13","slug":"mama-i-sens-zycia-irvin-d-yalom","status":"publish","type":"post","link":"http:\/\/ambiwalencja.pl\/blog\/mama-i-sens-zycia-irvin-d-yalom\/","title":{"rendered":"Mama i sens \u017cycia &#8211; Irvin D. Yalom"},"content":{"rendered":"\n<p><em>Mama i sens \u017cycia &#8211; <\/em>kolejne, r\u00f3wnie wspania\u0142e opowie\u015bci terapeutyczne autorstwa Irvina Yaloma. Tym razem autor bierze na warsztat przede wszystkim prze\u017cywanie \u017ca\u0142oby oraz trudne relacje z bliskimi. <\/p>\n\n\n\n<p>Autor snuje swoje opowie\u015bci psychoterapeutyczne w taki spos\u00f3b, \u017ce momentami ma si\u0119 wra\u017cenie, i\u017c praca terapeuty to naj\u0142atwiejsza robota na \u015bwiecie. Jego niezwykle trafne interwencje, b\u0142yskotliwe wypowiedzi, przychodz\u0105ce naturalnie zdania&#8230; To wszystko sprawia, \u017ce czu\u0107 t\u0119 lekko\u015b\u0107 i bran\u017ca ta wydaje si\u0119 prosta &#8222;w obs\u0142udze&#8221;.<\/p>\n\n\n\n<p>Natomiast jest te\u017c druga strona. Ta zagmatwana, skomplikowana, uci\u0105\u017cliwa. Pe\u0142na wsp\u00f3\u0142czucia, cierpienia i w\u0142asnych, niekiedy traumatycznych do\u015bwiadcze\u0144. Opowie\u015bci nie s\u0105 pozbawione tej strony, zatem po chwili zatapiania si\u0119 w absurdalnych my\u015blach, \u017ce to naj\u0142atwiejszy zaw\u00f3d \u015bwiata, przychodzi refleksja, \u017ce chyba jednak nie. \u017be to mo\u017ce by\u0107 trudne. \u017be wymaga o wiele wi\u0119cej zaanga\u017cowania i pracy nad sob\u0105, ni\u017c mog\u0142oby si\u0119 wydawa\u0107.<\/p>\n\n\n\n<p>I w tym w\u0142a\u015bnie tkwi pi\u0119kno tej ksi\u0105\u017cki. Yalom pokazuje nam obie strony. Widzimy go jako niew\u0105tpliwego specjalist\u0119 w swoim fachu, a jednocze\u015bnie jako zwyk\u0142ego cz\u0142owieka, kt\u00f3ry tak\u017ce ma swoje przywary i trudno\u015bci. <\/p>\n\n\n\n<figure class=\"wp-block-image\"><img loading=\"lazy\" width=\"1024\" height=\"1024\" src=\"http:\/\/ambiwalencja.pl\/blog\/wp-content\/uploads\/2022\/01\/mama-okladka-1024x1024.jpg\" alt=\"\" class=\"wp-image-298\" srcset=\"http:\/\/ambiwalencja.pl\/blog\/wp-content\/uploads\/2022\/01\/mama-okladka-1024x1024.jpg 1024w, http:\/\/ambiwalencja.pl\/blog\/wp-content\/uploads\/2022\/01\/mama-okladka-150x150.jpg 150w, http:\/\/ambiwalencja.pl\/blog\/wp-content\/uploads\/2022\/01\/mama-okladka-300x300.jpg 300w, http:\/\/ambiwalencja.pl\/blog\/wp-content\/uploads\/2022\/01\/mama-okladka-768x768.jpg 768w, http:\/\/ambiwalencja.pl\/blog\/wp-content\/uploads\/2022\/01\/mama-okladka.jpg 1080w\" sizes=\"(max-width: 1024px) 100vw, 1024px\" \/><\/figure>\n\n\n\n<p><em>Mama i sens \u017cycia <\/em>to nie tylko tytu\u0142 ksi\u0105\u017cki, ale tak\u017ce pierwszego opowiadania, w kt\u00f3rym to autor przytacza nam sw\u00f3j bardzo sugestywny sen, o matce. W zasadzie otwiera nim ten zbi\u00f3r historii, co jest niesamowitym otwarciem w moim odczuciu. Nie tylko dlatego, \u017ce poci\u0105gaj\u0105 mnie sny i praca z nimi zwi\u0105zana, ale tak\u017ce, a mo\u017ce przede wszystkim dlatego, \u017ce w moim odczuciu to taki mocny uk\u0142on w stron\u0119 czytelnik\u00f3w. Pot\u0119\u017cne i jak\u017ce mi\u0142e zaproszenie do swojego \u015bwiata. Bowiem jak sam autor m\u00f3wi przy okazji innego tekstu ze zbioru: &#8222;Sny s\u0105 najbardziej prywatn\u0105 i intymn\u0105 sfer\u0105 ka\u017cdego cz\u0142owieka.\u201d <\/p>\n\n\n\n<p>Zatem zostali\u015bmy wpuszczeni bardzo g\u0142\u0119boko. Do tego intymnego i prywatnego \u015bwiata, tworzonego przez wybitnego psychiatr\u0119 i psychoterapeut\u0119. Dla mnie osobi\u015bcie to wielki zaszczyt i wielka rado\u015b\u0107. Czytanie kolejnych opowie\u015bci to dla mnie niesamowite do\u015bwiadczenie. I cho\u0107 ta konkretna pozycja by\u0142a trudna, pe\u0142na cierpienia i przez co zdecydowanie wolniej czytana ni\u017c pozosta\u0142e, to odbi\u0142a \u015blad w moim sercu i pozostanie tam na zawsze. Taki to ju\u017c urok prozy Yaloma&#8230;<\/p>\n\n\n\n<script src=\"https:\/\/buybox.click\/js\/widget.min.js\"><\/script>\n<span class=\"bb-widget\" id=\"buybox-vbeq\" data-bb-id=\"9520\" data-bb-oid=\"2995063\"><\/span>\n\n\n\n<p><\/p>\n\n\n\n<pre class=\"wp-block-preformatted\"> <br><strong>Tytu\u0142:<\/strong>  Mama i sens \u017cycia<br><strong>Autor:<\/strong> Irvin D. Yalom<strong><br>Wydawnictwo: <\/strong>Czarna Owca<strong><br>Rok: <\/strong>2017<strong><br>Ilo\u015b\u0107 stron:<\/strong> 256<\/pre>\n","protected":false},"excerpt":{"rendered":"<p>Mama i sens \u017cycia &#8211; kolejne, r\u00f3wnie wspania\u0142e opowie\u015bci terapeutyczne autorstwa Irvina Yaloma. Tym razem autor bierze na warsztat przede wszystkim prze\u017cywanie \u017ca\u0142oby oraz trudne relacje z bliskimi. Autor snuje swoje opowie\u015bci psychoterapeutyczne w taki spos\u00f3b, \u017ce momentami ma si\u0119&#8230;<\/p>\n","protected":false},"author":1,"featured_media":298,"comment_status":"open","ping_status":"open","sticky":false,"template":"","format":"standard","meta":[],"categories":[4],"tags":[99,94,103,104,15],"_links":{"self":[{"href":"http:\/\/ambiwalencja.pl\/blog\/wp-json\/wp\/v2\/posts\/294"}],"collection":[{"href":"http:\/\/ambiwalencja.pl\/blog\/wp-json\/wp\/v2\/posts"}],"about":[{"href":"http:\/\/ambiwalencja.pl\/blog\/wp-json\/wp\/v2\/types\/post"}],"author":[{"embeddable":true,"href":"http:\/\/ambiwalencja.pl\/blog\/wp-json\/wp\/v2\/users\/1"}],"replies":[{"embeddable":true,"href":"http:\/\/ambiwalencja.pl\/blog\/wp-json\/wp\/v2\/comments?post=294"}],"version-history":[{"count":5,"href":"http:\/\/ambiwalencja.pl\/blog\/wp-json\/wp\/v2\/posts\/294\/revisions"}],"predecessor-version":[{"id":303,"href":"http:\/\/ambiwalencja.pl\/blog\/wp-json\/wp\/v2\/posts\/294\/revisions\/303"}],"wp:featuredmedia":[{"embeddable":true,"href":"http:\/\/ambiwalencja.pl\/blog\/wp-json\/wp\/v2\/media\/298"}],"wp:attachment":[{"href":"http:\/\/ambiwalencja.pl\/blog\/wp-json\/wp\/v2\/media?parent=294"}],"wp:term":[{"taxonomy":"category","embeddable":true,"href":"http:\/\/ambiwalencja.pl\/blog\/wp-json\/wp\/v2\/categories?post=294"},{"taxonomy":"post_tag","embeddable":true,"href":"http:\/\/ambiwalencja.pl\/blog\/wp-json\/wp\/v2\/tags?post=294"}],"curies":[{"name":"wp","href":"https:\/\/api.w.org\/{rel}","templated":true}]}}