{"id":301,"date":"2021-12-09T18:59:57","date_gmt":"2021-12-09T18:59:57","guid":{"rendered":"http:\/\/ambiwalencja.pl\/blog\/?p=301"},"modified":"2022-01-25T10:58:28","modified_gmt":"2022-01-25T10:58:28","slug":"kat-milosci-irvin-d-yalom","status":"publish","type":"post","link":"http:\/\/ambiwalencja.pl\/blog\/kat-milosci-irvin-d-yalom\/","title":{"rendered":"Kat mi\u0142o\u015bci &#8211; Irvin D. Yalom"},"content":{"rendered":"\n<p><em>Kat mi\u0142o\u015bci <\/em>&#8211; chcia\u0142oby si\u0119 powiedzie\u0107, \u017ce to kolejna ksi\u0105\u017cka Yaloma, kolejny zbi\u00f3r opowie\u015bci psychoterapeutycznych, kolejna wspania\u0142a lektura. Ale okre\u015blenie tego w ten spos\u00f3b, to zdecydowanie za ma\u0142o. Zw\u0142aszcza, \u017ce ta ksi\u0105\u017cka wywar\u0142a na mnie szczeg\u00f3lne wra\u017cenie.<\/p>\n\n\n\n<p>Osoby, kt\u00f3re czytaj\u0105 moje wpisy, wiedz\u0105, \u017ce ub\u00f3stwiam Yaloma. Wiedz\u0105, o mojej wdzi\u0119czno\u015bci do wydawnictwa Czarna Owca, w zwi\u0105zku z wydawaniem tego autora w Polsce. Wiedz\u0105 te\u017c, \u017ce opowie\u015bci psychoterapeutyczne to co\u015b, co bardzo sobie ceni\u0119 i polecam ka\u017cdemu, bez wyj\u0105tku, nie zwa\u017caj\u0105c na to czy to &#8222;cz\u0142owiek z bran\u017cy&#8221; czy nie. Zatem jak nie trudno si\u0119 domy\u015bli\u0107, ta ksi\u0105\u017cka sprawi\u0142a mi olbrzymi\u0105 rado\u015b\u0107, delektowanie si\u0119 lektur\u0105 by\u0142o niesamowite, ale tu by\u0142o co\u015b jeszcze.<\/p>\n\n\n\n<p>Yalom s\u0142ynie ze swojej szczero\u015bci i otwarto\u015bci. Nigdy nie ukrywa swoich l\u0119k\u00f3w czy obaw. M\u00f3wi wprost o swoich uczuciach, nie kryje si\u0119 z nimi. To jest pi\u0119kne i w moim odczuciu, godne na\u015bladowania. I tak te\u017c by\u0142o tutaj. Opowie\u015bci by\u0142y poruszaj\u0105ce. Zr\u00f3\u017cnicowane, nie tylko pod wzgl\u0119dem d\u0142ugo\u015bci. Niemniej tre\u015bci oscylowa\u0142y wok\u00f3\u0142 szeroko rozumianej mi\u0142o\u015bci.<\/p>\n\n\n\n<figure class=\"wp-block-image\"><img loading=\"lazy\" width=\"1024\" height=\"1024\" src=\"http:\/\/ambiwalencja.pl\/blog\/wp-content\/uploads\/2022\/01\/Kat-mi\u0142o\u015bci-1024x1024.jpg\" alt=\"\" class=\"wp-image-304\" srcset=\"http:\/\/ambiwalencja.pl\/blog\/wp-content\/uploads\/2022\/01\/Kat-mi\u0142o\u015bci-1024x1024.jpg 1024w, http:\/\/ambiwalencja.pl\/blog\/wp-content\/uploads\/2022\/01\/Kat-mi\u0142o\u015bci-150x150.jpg 150w, http:\/\/ambiwalencja.pl\/blog\/wp-content\/uploads\/2022\/01\/Kat-mi\u0142o\u015bci-300x300.jpg 300w, http:\/\/ambiwalencja.pl\/blog\/wp-content\/uploads\/2022\/01\/Kat-mi\u0142o\u015bci-768x768.jpg 768w, http:\/\/ambiwalencja.pl\/blog\/wp-content\/uploads\/2022\/01\/Kat-mi\u0142o\u015bci.jpg 1080w\" sizes=\"(max-width: 1024px) 100vw, 1024px\" \/><\/figure>\n\n\n\n<p>Czym zatem <em>Kat mi\u0142o\u015bci <\/em>wyr\u00f3\u017cnia si\u0119 od innych publikacji autora? Mo\u017ce nie tyle wyr\u00f3\u017cnia, co ja mam ch\u0119\u0107 wyr\u00f3\u017cni\u0107 tu jedno, szczeg\u00f3lne opowiadanie. &#8222;Oty\u0142a dama&#8221; to opowie\u015b\u0107 o&#8230; oty\u0142ej pacjentce. Autor bez ogr\u00f3dek opisuje swoje uczucia wzgl\u0119dem niej. Pisze wprost o obrzydzeniu i funduje nam pi\u0119kn\u0105 lekcj\u0119 odno\u015bnie przeciwprzeniesienia. U\u017cywa do tego siebie, swojego do\u015bwiadczenia, dzi\u0119ki czemu mo\u017cemy zobaczy\u0107 jak to wygl\u0105da w akcji, jak sobie z nim radzi\u0107 i najpro\u015bciej m\u00f3wi\u0105c: &#8222;z czym to si\u0119 je&#8221;. <\/p>\n\n\n\n<p>Cho\u0107 ten tekst mo\u017ce si\u0119 wydawa\u0107 okrutny, oceniaj\u0105cy, mo\u017ce nawet bulwersuj\u0105cy, to wspaniale pokazuje to, o czym wielu niestety zapomina. Ot\u00f3\u017c uzmys\u0142awia nam i przypomina prawd\u0119 pod tytu\u0142em: &#8222;terapeuta te\u017c cz\u0142owiek&#8221;! Yalom ods\u0142ania si\u0119 przed nami poprzez t\u0119 opowie\u015b\u0107, normalizuj\u0105c pewne rzeczy, zachowania. I cho\u0107 \u015bwiadomo\u015b\u0107 przeciwprzeniesienia i r\u00f3\u017cnych reakcji jest we mnie mocno zakorzeniona, omawiam takie kwestie na superwizjach, to mi ten tekst przyni\u00f3s\u0142 ulg\u0119. Przeczytawszy to, spad\u0142 ze mnie pewien ci\u0119\u017car. Pojawi\u0142o si\u0119 uczucie lekko\u015bci i spokoju. Poczucie zrozumienia, akceptacji, z mieszank\u0105 my\u015bli: &#8222;hej, jeste\u015b ok. Tak mo\u017cna mie\u0107. To jest w porz\u0105dku!&#8221; I niby my, terapeuci, wiemy o tym, ale czasem mo\u017ce nam to umkn\u0105\u0107. Yalom w pi\u0119kny, obrazowy spos\u00f3b nam o tym przypomina. Pomijaj\u0105c inne zalety i klasyczne zachwyty nad tw\u00f3rczo\u015bci\u0105 autora, ta ksi\u0105\u017cka jest tak wa\u017cna i znacz\u0105ca, bo jest najbardziej&#8230; ludzka.  <\/p>\n\n\n\n<script src=\"https:\/\/buybox.click\/js\/widget.min.js\"><\/script>\n<span class=\"bb-widget\" id=\"buybox-ojtl\" data-bb-id=\"9520\" data-bb-oid=\"3058190\"><\/span>\n\n\n\n<pre class=\"wp-block-preformatted\"> <br><br><strong>Tytu\u0142:<\/strong>  Kat mi\u0142o\u015bci<br><strong>Autor:<\/strong> Irvin D. Yalom<strong><br>Wydawnictwo: <\/strong>Czarna Owca<strong><br>Rok: <\/strong>2016<strong><br>Ilo\u015b\u0107 stron:<\/strong> 384<\/pre>\n","protected":false},"excerpt":{"rendered":"<p>Kat mi\u0142o\u015bci &#8211; chcia\u0142oby si\u0119 powiedzie\u0107, \u017ce to kolejna ksi\u0105\u017cka Yaloma, kolejny zbi\u00f3r opowie\u015bci psychoterapeutycznych, kolejna wspania\u0142a lektura. Ale okre\u015blenie tego w ten spos\u00f3b, to zdecydowanie za ma\u0142o. Zw\u0142aszcza, \u017ce ta ksi\u0105\u017cka wywar\u0142a na mnie szczeg\u00f3lne wra\u017cenie. Osoby, kt\u00f3re czytaj\u0105&#8230;<\/p>\n","protected":false},"author":1,"featured_media":304,"comment_status":"open","ping_status":"open","sticky":false,"template":"","format":"standard","meta":[],"categories":[4],"tags":[99,94,105,15],"_links":{"self":[{"href":"http:\/\/ambiwalencja.pl\/blog\/wp-json\/wp\/v2\/posts\/301"}],"collection":[{"href":"http:\/\/ambiwalencja.pl\/blog\/wp-json\/wp\/v2\/posts"}],"about":[{"href":"http:\/\/ambiwalencja.pl\/blog\/wp-json\/wp\/v2\/types\/post"}],"author":[{"embeddable":true,"href":"http:\/\/ambiwalencja.pl\/blog\/wp-json\/wp\/v2\/users\/1"}],"replies":[{"embeddable":true,"href":"http:\/\/ambiwalencja.pl\/blog\/wp-json\/wp\/v2\/comments?post=301"}],"version-history":[{"count":6,"href":"http:\/\/ambiwalencja.pl\/blog\/wp-json\/wp\/v2\/posts\/301\/revisions"}],"predecessor-version":[{"id":309,"href":"http:\/\/ambiwalencja.pl\/blog\/wp-json\/wp\/v2\/posts\/301\/revisions\/309"}],"wp:featuredmedia":[{"embeddable":true,"href":"http:\/\/ambiwalencja.pl\/blog\/wp-json\/wp\/v2\/media\/304"}],"wp:attachment":[{"href":"http:\/\/ambiwalencja.pl\/blog\/wp-json\/wp\/v2\/media?parent=301"}],"wp:term":[{"taxonomy":"category","embeddable":true,"href":"http:\/\/ambiwalencja.pl\/blog\/wp-json\/wp\/v2\/categories?post=301"},{"taxonomy":"post_tag","embeddable":true,"href":"http:\/\/ambiwalencja.pl\/blog\/wp-json\/wp\/v2\/tags?post=301"}],"curies":[{"name":"wp","href":"https:\/\/api.w.org\/{rel}","templated":true}]}}