{"id":367,"date":"2022-02-21T22:34:59","date_gmt":"2022-02-21T22:34:59","guid":{"rendered":"http:\/\/ambiwalencja.pl\/blog\/?p=367"},"modified":"2022-06-14T11:07:54","modified_gmt":"2022-06-14T11:07:54","slug":"mlody-bog-z-petla-na-szyi-psychiatryk-anka-mrowczynska","status":"publish","type":"post","link":"http:\/\/ambiwalencja.pl\/blog\/mlody-bog-z-petla-na-szyi-psychiatryk-anka-mrowczynska\/","title":{"rendered":"M\u0142ody b\u00f3g z p\u0119tl\u0105 na szyi. Psychiatryk &#8211; Anka Mr\u00f3wczy\u0144ska"},"content":{"rendered":"\n<p><em>M\u0142ody b\u00f3g z p\u0119tl\u0105 na szyi. Psychiatryk <\/em>to moje kolejne zetkni\u0119cie, po <em><a href=\"http:\/\/ambiwalencja.pl\/blog\/borderline-autoterapia-czyli-o-sprawach-powaznych-z-solidna-dawka-autoironii-anka-mrowczynska\/\">Autoterapii<\/a><\/em>, z Mr\u00f3wczy\u0144sk\u0105. Nieco inne, cho\u0107 w dalszym ci\u0105gu intryguj\u0105ce.<\/p>\n\n\n\n<p>Autorka opowiada nam o swoim \u017cyciu, rozpoczynaj\u0105c opowie\u015b\u0107 od my\u015bli samob\u00f3jczych i telefonu do Centrum Interwencji Kryzysowej. Opowiada nam krok po kroku o kolejnych etapach, kt\u00f3re podejmowa\u0142a, zmierzaj\u0105c w stron\u0119 zdrowienia. Konsultacje terapeutyczne, psychiatryczne, grupa, masa rozm\u00f3w czy te\u017c w ko\u0144cu tytu\u0142owy psychiatryk. I jak nie trudno si\u0119 domy\u015bli\u0107, tego psychiatryka jest tu najwi\u0119cej. Szczeg\u00f3\u0142owa relacja, dzie\u0144 po dniu. Prze\u017cycia, trudno\u015bci, czasem te\u017c rado\u015bci. Bardzo szczeg\u00f3\u0142owa, systematyczna relacja, kt\u00f3r\u0105 teraz my mo\u017cemy si\u0119 delektowa\u0107. W tej autobiograficznej opowie\u015bci pisarka prowadzi nas za r\u0105czk\u0119, pokazuj\u0105c kolejne momenty swej \u017cyciowej podr\u00f3\u017cy ku zdrowiu, ale tak\u017ce dok\u0142adnie t\u0142umacz\u0105c, co z czego wynika\u0142o.<\/p>\n\n\n\n<p>Mn\u00f3stwo decyzji, jeszcze wi\u0119cej ambiwalencji pojawiaj\u0105cej si\u0119 na ka\u017cdym kroku. Multum emocji, czasem tak rozbuchanych, \u017ce trudnych do przetrzymania. Olbrzymia chwiejno\u015b\u0107, zmienne stany, ch\u0119\u0107 t\u0142umienia ich, uciszania. Autodestrukcja. Autoagresja. Chaos. Nat\u0142ok my\u015bli. Wylewaj\u0105ce si\u0119 litery, tworz\u0105ce s\u0142owa, zdania&#8230; Wszystko to u\u0142o\u017cone w niemal 400. stronicow\u0105 powie\u015b\u0107. Bardzo osobist\u0105. Bardzo bolesn\u0105.<\/p>\n\n\n\n<p>I ten b\u00f3l, to cierpienie wylewa si\u0119 z ka\u017cdej kartki. Anka dosadnie przedstawia nam to co czu\u0142a, mo\u017cemy odczuwa\u0107 razem z ni\u0105. Niekiedy nat\u0142ok my\u015bli i ten wylew mo\u017ce wydawa\u0107 si\u0119 irytuj\u0105cy czy wr\u0119cz przesadzony pod wzgl\u0119dem stylistycznym. My\u015bl\u0119, \u017ce wielu czytelnik\u00f3w mog\u0142oby nie przebrn\u0105\u0107 przez ten specyficzny, chaotyczny, intensywny spos\u00f3b narracji. Natomiast \u015bwietnie oddaje on w\u0142a\u015bnie to, co prze\u017cywaj\u0105 osoby z borderline. Ch\u0142on\u0105c to, zanurzaj\u0105c si\u0119 w lekturze, mo\u017cemy dog\u0142\u0119bnie poczu\u0107 i pozna\u0107 ten wewn\u0119trzny \u015bwiat. Zrozumie\u0107 z czym zmaga si\u0119 na co dzie\u0144 osoba z BPD. <\/p>\n\n\n\n<p>My\u015bl\u0119, \u017ce dzi\u0119ki temu, jest to ksi\u0105\u017cka warto\u015bciowa dla os\u00f3b chc\u0105cych zrozumie\u0107. Poczu\u0107. Do\u015bwiadczy\u0107. Ewentualnie dla os\u00f3b z podobnymi trudno\u015bciami, kt\u00f3re potrzebuj\u0105 zapewnienia, \u017ce nie tylko one tak maj\u0105, \u017ce nie s\u0105 same w tym \u015bwiecie i s\u0105 inni, odczuwaj\u0105cy podobnie. Aczkolwiek by\u0142abym ostro\u017cna przy poleceniu tej pozycji pacjentom na pocz\u0105tkowym etapie leczenia. Z jednej strony mo\u017ce dawa\u0107 nadziej\u0119, z drugiej natomiast mo\u017ce by\u0107 mocnym wyzwalaczem i rozkr\u0119ca\u0107 my\u015bli samob\u00f3jcze czy autodestrukcyjne.<\/p>\n\n\n\n<figure class=\"wp-block-image\"><img loading=\"lazy\" width=\"1024\" height=\"1024\" src=\"http:\/\/ambiwalencja.pl\/blog\/wp-content\/uploads\/2022\/02\/M\u0142ody-b\u00f3g-z-p\u0119tl\u0105-na-szyi-psychiatryk-okladka-1024x1024.jpg\" alt=\"\" class=\"wp-image-369\" srcset=\"http:\/\/ambiwalencja.pl\/blog\/wp-content\/uploads\/2022\/02\/M\u0142ody-b\u00f3g-z-p\u0119tl\u0105-na-szyi-psychiatryk-okladka-1024x1024.jpg 1024w, http:\/\/ambiwalencja.pl\/blog\/wp-content\/uploads\/2022\/02\/M\u0142ody-b\u00f3g-z-p\u0119tl\u0105-na-szyi-psychiatryk-okladka-150x150.jpg 150w, http:\/\/ambiwalencja.pl\/blog\/wp-content\/uploads\/2022\/02\/M\u0142ody-b\u00f3g-z-p\u0119tl\u0105-na-szyi-psychiatryk-okladka-300x300.jpg 300w, http:\/\/ambiwalencja.pl\/blog\/wp-content\/uploads\/2022\/02\/M\u0142ody-b\u00f3g-z-p\u0119tl\u0105-na-szyi-psychiatryk-okladka-768x768.jpg 768w, http:\/\/ambiwalencja.pl\/blog\/wp-content\/uploads\/2022\/02\/M\u0142ody-b\u00f3g-z-p\u0119tl\u0105-na-szyi-psychiatryk-okladka.jpg 1080w\" sizes=\"(max-width: 1024px) 100vw, 1024px\" \/><\/figure>\n\n\n\n<p>Momentami mia\u0142am wra\u017cenie, \u017ce panuj\u0105cy tutaj chaos, odrobin\u0119 wymkn\u0105\u0142 si\u0119 spod kontroli. Mo\u017cna by go usprawiedliwia\u0107 specyficzn\u0105 stylistyk\u0105, ale by\u0142oby to nadu\u017cycie. Zdarza\u0142y si\u0119 b\u0142\u0119dy logiczne, niejasno\u015bci, niekonsekwencje i do tego troch\u0119 liter\u00f3wek. Czyli co\u015b co powinno zosta\u0107 wy\u0142apane i okie\u0142znane przez redakcj\u0119 i korekt\u0119. Niestety, nie zosta\u0142o. Szkoda, bo ksi\u0105\u017cka na tym traci. Niemniej mimo tych niedogodno\u015bci, broni si\u0119. <\/p>\n\n\n\n<p><em>M\u0142ody b\u00f3g z p\u0119tl\u0105 na szyi. Psychiatryk <\/em>jest pozycj\u0105 bardzo odwa\u017cn\u0105, niezwykle uzewn\u0119trzniaj\u0105c\u0105. Mr\u00f3wczy\u0144ska pi\u0119knie pokazuje proces przemiany jak\u0105 przesz\u0142a. Prezentuje nam swoj\u0105 drog\u0119, kt\u00f3ra zdecydowanie nie by\u0142a usypana p\u0142atkami r\u00f3\u017c. Je\u015bli ju\u017c, to ich \u0142odygami, pe\u0142nymi kolc\u00f3w, kt\u00f3re zadawa\u0142y jej b\u00f3l, nawet gdy tego nie chcia\u0142a. Albo te\u017c w\u017cyna\u0142y si\u0119 g\u0142\u0119boko w jej sk\u00f3r\u0119, gdy tego zapragn\u0119\u0142a, aby sobie ul\u017cy\u0107. Pe\u0142na ambiwalencji, empatyczna, wzbudzaj\u0105ca zainteresowanie, ale te\u017c wsp\u00f3\u0142czucie. Taka w moim odczuciu jest ta ksi\u0105\u017cka, ale te\u017c g\u0142\u00f3wna bohaterka przedstawionej historii. Historii, z kt\u00f3r\u0105 warto si\u0119 zapozna\u0107. <\/p>\n\n\n\n<script src=\"https:\/\/buybox.click\/js\/widget.min.js\"><\/script>\n<span class=\"bb-widget\" id=\"buybox-w1of\" data-bb-id=\"9520\" data-bb-oid=\"2683723\"><\/span>\n\n\n\n<pre class=\"wp-block-preformatted\"> <br><strong>Tytu\u0142: <\/strong>M\u0142ody b\u00f3g z p\u0119tl\u0105 na szyi. Psychiatryk<strong><br>Autorka: <\/strong>Anka Mr\u00f3wczy\u0144ska<strong><br>Wydawnictwo: <\/strong>Psychoskok<strong><br>Rok: <\/strong>2019<strong><br>Ilo\u015b\u0107 stron:<\/strong> 369  <\/pre>\n\n\n<p><\/p>\n<p><\/p>\n<p style=\"text-align: center;\"><strong>Za ksi\u0105\u017ck\u0119 dzi\u0119kuj\u0119 : <\/strong><\/p>\n<p style=\"text-align: center;\">&nbsp;<\/p>\n\n\n<div class=\"wp-block-image\"><figure class=\"aligncenter\"><a href=\"http:\/\/wydawnictwopsychoskok.pl\/\" target=\"_blank\" rel=\"noreferrer noopener\" aria-label=\"j (otwiera si\u0119 na nowej zak\u0142adce)\"><img loading=\"lazy\" width=\"300\" height=\"115\" src=\"http:\/\/ambiwalencja.pl\/blog\/wp-content\/uploads\/2022\/02\/logo_psychoskok_z_napisem-szerokosc-300.png\" alt=\"\" class=\"wp-image-363\"><\/a><\/figure><\/div>\n","protected":false},"excerpt":{"rendered":"<p>M\u0142ody b\u00f3g z p\u0119tl\u0105 na szyi. Psychiatryk to moje kolejne zetkni\u0119cie, po Autoterapii, z Mr\u00f3wczy\u0144sk\u0105. Nieco inne, cho\u0107 w dalszym ci\u0105gu intryguj\u0105ce. Autorka opowiada nam o swoim \u017cyciu, rozpoczynaj\u0105c opowie\u015b\u0107 od my\u015bli samob\u00f3jczych i telefonu do Centrum Interwencji Kryzysowej. Opowiada&#8230;<\/p>\n","protected":false},"author":1,"featured_media":369,"comment_status":"open","ping_status":"open","sticky":false,"template":"","format":"standard","meta":[],"categories":[4],"tags":[101,89,115,116,117,76,118,102],"_links":{"self":[{"href":"http:\/\/ambiwalencja.pl\/blog\/wp-json\/wp\/v2\/posts\/367"}],"collection":[{"href":"http:\/\/ambiwalencja.pl\/blog\/wp-json\/wp\/v2\/posts"}],"about":[{"href":"http:\/\/ambiwalencja.pl\/blog\/wp-json\/wp\/v2\/types\/post"}],"author":[{"embeddable":true,"href":"http:\/\/ambiwalencja.pl\/blog\/wp-json\/wp\/v2\/users\/1"}],"replies":[{"embeddable":true,"href":"http:\/\/ambiwalencja.pl\/blog\/wp-json\/wp\/v2\/comments?post=367"}],"version-history":[{"count":7,"href":"http:\/\/ambiwalencja.pl\/blog\/wp-json\/wp\/v2\/posts\/367\/revisions"}],"predecessor-version":[{"id":685,"href":"http:\/\/ambiwalencja.pl\/blog\/wp-json\/wp\/v2\/posts\/367\/revisions\/685"}],"wp:featuredmedia":[{"embeddable":true,"href":"http:\/\/ambiwalencja.pl\/blog\/wp-json\/wp\/v2\/media\/369"}],"wp:attachment":[{"href":"http:\/\/ambiwalencja.pl\/blog\/wp-json\/wp\/v2\/media?parent=367"}],"wp:term":[{"taxonomy":"category","embeddable":true,"href":"http:\/\/ambiwalencja.pl\/blog\/wp-json\/wp\/v2\/categories?post=367"},{"taxonomy":"post_tag","embeddable":true,"href":"http:\/\/ambiwalencja.pl\/blog\/wp-json\/wp\/v2\/tags?post=367"}],"curies":[{"name":"wp","href":"https:\/\/api.w.org\/{rel}","templated":true}]}}