{"id":405,"date":"2022-03-05T18:39:37","date_gmt":"2022-03-05T18:39:37","guid":{"rendered":"http:\/\/ambiwalencja.pl\/blog\/?p=405"},"modified":"2022-06-14T11:08:36","modified_gmt":"2022-06-14T11:08:36","slug":"mlody-bog-z-petla-na-szyi-terapia-u-doktorka-anka-mrowczynska","status":"publish","type":"post","link":"http:\/\/ambiwalencja.pl\/blog\/mlody-bog-z-petla-na-szyi-terapia-u-doktorka-anka-mrowczynska\/","title":{"rendered":"M\u0142ody b\u00f3g z p\u0119tl\u0105 na szyi. Terapia u Doktorka &#8211; Anka Mr\u00f3wczy\u0144ska"},"content":{"rendered":"\n<p><em>M\u0142ody b\u00f3g z p\u0119tl\u0105 na szyi. Terapia u Doktorka <\/em>czyli druga cz\u0119\u015b\u0107 cyklu ksi\u0105\u017cek Mr\u00f3wczy\u0144skiej. Ta pozycja zaskoczy\u0142a mnie przede wszystkim&#8230; d\u0142ugo\u015bci\u0105. Czy mo\u017ce raczej powinnam powiedzie\u0107: &#8222;kr\u00f3tko\u015bci\u0105&#8221;?<\/p>\n\n\n\n<p><!--StartFragment-->Patrz\u0105c na ca\u0142y cykl, tom drugi jest nieproporcjonalnie cieniutki. Pocz\u0105tkowo by\u0142o to dla mnie du\u017cym zaskoczeniem, bowiem tytu\u0142 sugerowa\u0142 terapi\u0119 indywidualn\u0105, tak\u017ce spodziewa\u0142am si\u0119 d\u0142uuugiej, pe\u0142nej refleksji, przemy\u015ble\u0144 i cierpienia autorki lektury. Nie do ko\u0144ca to dosta\u0142am.<\/p>\n\n\n\n<p>Owszem, cierpienie autorki by\u0142o, lecz nie w takiej formie jak w pierwszej cz\u0119\u015bci. Od pierwszych stron czu\u0142am, \u017ce tu tego nie b\u0119dzie. \u017be ten monolog wewn\u0119trzny si\u0119 pojawi, ale nie na tak\u0105 skal\u0119 do jakiej zosta\u0142am ju\u017c przez Ank\u0119 przyzwyczajona. Nie jest tak g\u0142\u0119boko, nie jest tak dosadnie, nie jest tak porywaj\u0105co.<\/p>\n\n\n\n<p>Co ciekawe, wbrew pozorom nie jest to wada ksi\u0105\u017cki, a jej zaleta. Od pocz\u0105tku czu\u0107 tutaj ten dystans mi\u0119dzy autork\u0105 a psychoterapeut\u0105. Czu\u0107 jej niech\u0119\u0107, irytacj\u0119, niewyra\u017con\u0105 z\u0142o\u015b\u0107. Czu\u0107 jak si\u0119 m\u0119czy, cho\u0107 w troch\u0119 inny spos\u00f3b ni\u017c dotychczas. Czytaj\u0105c, m\u0119czy\u0142am si\u0119 razem z ni\u0105. Brn\u0119\u0142am przez ksi\u0105\u017ck\u0119, zastanawiaj\u0105c si\u0119 po co to wszystko, po co ta terapia w takiej formie? Dlatego te\u017c gdy lektura dobieg\u0142a ko\u0144ca, odetchn\u0119\u0142a z ulg\u0105. Nie, nie dlatego, \u017ce to by\u0142 koniec opowie\u015bci, ale dlatego, \u017ce mog\u0142am odpocz\u0105\u0107, \u017ce autorka mog\u0142a odpocz\u0105\u0107, \u017ce zadzia\u0142o si\u0119 w ko\u0144cu co\u015b dobrego, co\u015b co faktycznie mo\u017ce pom\u00f3c, co\u015b daj\u0105cego nadziej\u0119&#8230;<\/p>\n\n\n\n<figure class=\"wp-block-image\"><img loading=\"lazy\" width=\"1024\" height=\"1024\" src=\"http:\/\/ambiwalencja.pl\/blog\/wp-content\/uploads\/2022\/03\/terapia-u-doktorka-okladka-1024x1024.jpg\" alt=\"\" class=\"wp-image-409\" srcset=\"http:\/\/ambiwalencja.pl\/blog\/wp-content\/uploads\/2022\/03\/terapia-u-doktorka-okladka-1024x1024.jpg 1024w, http:\/\/ambiwalencja.pl\/blog\/wp-content\/uploads\/2022\/03\/terapia-u-doktorka-okladka-150x150.jpg 150w, http:\/\/ambiwalencja.pl\/blog\/wp-content\/uploads\/2022\/03\/terapia-u-doktorka-okladka-300x300.jpg 300w, http:\/\/ambiwalencja.pl\/blog\/wp-content\/uploads\/2022\/03\/terapia-u-doktorka-okladka-768x768.jpg 768w, http:\/\/ambiwalencja.pl\/blog\/wp-content\/uploads\/2022\/03\/terapia-u-doktorka-okladka.jpg 1080w\" sizes=\"(max-width: 1024px) 100vw, 1024px\" \/><\/figure>\n\n\n\n<p>Samym zako\u0144czeniem by\u0142am zawiedziona i zasmucona, ale nie b\u0119d\u0119 spoilerowa\u0107. Polecam by\u015bcie sami si\u0119gn\u0119li po lektur\u0119, przeczytali, zobaczyli co o tym my\u015blicie. Bo cho\u0107 tutaj towarzyszy\u0142y mi inne emocje ni\u017c podczas lektury <a href=\"http:\/\/ambiwalencja.pl\/blog\/mlody-bog-z-petla-na-szyi-psychiatryk-anka-mrowczynska\/\">Psychiatryka<\/a>, my\u015bl\u0119, \u017ce to wa\u017cna cz\u0119\u015b\u0107 cyklu. Terapia u Doktorka wspaniale ukazuje to, jak wa\u017cne jest zaanga\u017cowanie pacjenta w proces terapeutyczny. Psychoterapeuta mo\u017ce stawa\u0107 na rz\u0119sach, ta\u0144czy\u0107 Macaren\u0119 i robi\u0107 inne dziwne rzeczy, lecz dop\u00f3ki pacjent nie b\u0119dzie tego chcia\u0142, terapia &#8222;nie p\u00f3jdzie&#8221; do przodu.&nbsp;<\/p>\n\n\n\n<p>Warto te\u017c pami\u0119ta\u0107, \u017ce nie ka\u017cda terapia wygl\u0105da w taki spos\u00f3b, jak ten opisany przez autork\u0119. S\u0105 r\u00f3\u017cne nurty, r\u00f3\u017cne podej\u015bcia, sposoby pracy, techniki. I przede wszystkim s\u0105 r\u00f3\u017cni terapeuci, a relacja terapeutyczna &#8211; jak ka\u017cda inna relacja &#8211; jest czym\u015b specyficznym, wyj\u0105tkowym i niepowtarzalnym. Zatem to o czym czytamy w M\u0142odym bogu, to tylko jaki\u015b wycinek rzeczywisto\u015bci. Specyficznej, indywidualnej rzeczywisto\u015bci, jakiej do\u015bwiadczy\u0142a Mr\u00f3wczy\u0144ska. Pami\u0119tajmy o tym podczas lektury. <\/p>\n\n\n\n<script src=\"https:\/\/buybox.click\/js\/widget.min.js\"><\/script>\n<span class=\"bb-widget\" id=\"buybox-jr2r\" data-bb-id=\"9520\" data-bb-oid=\"15089449\"><\/span>\n\n\n\n<pre class=\"wp-block-preformatted\"> <br><strong>Tytu\u0142: <\/strong>M\u0142ody b\u00f3g z p\u0119tl\u0105 na szyi. Terapia u Doktorka<strong><br>Autorka: <\/strong>Anka Mr\u00f3wczy\u0144ska<strong><br>Wydawnictwo: <\/strong>Psychoskok<strong><br>Rok: <\/strong>2019<strong><br>Ilo\u015b\u0107 stron:<\/strong> 127  <\/pre>\n\n\n<p><\/p>\n<p><\/p>\n<p style=\"text-align: center;\"><strong>Za ksi\u0105\u017ck\u0119 dzi\u0119kuj\u0119 : <\/strong><\/p>\n<p style=\"text-align: center;\">&nbsp;<\/p>\n\n\n<div class=\"wp-block-image\"><figure class=\"aligncenter\"><a href=\"http:\/\/wydawnictwopsychoskok.pl\/\" target=\"_blank\" rel=\"noreferrer noopener\" aria-label=\"j (otwiera si\u0119 na nowej zak\u0142adce)\"><img loading=\"lazy\" width=\"300\" height=\"115\" src=\"http:\/\/ambiwalencja.pl\/blog\/wp-content\/uploads\/2022\/02\/logo_psychoskok_z_napisem-szerokosc-300.png\" alt=\"\" class=\"wp-image-363\"><\/a><\/figure><\/div>\n\n\n<p><!--EndFragment--><\/p>\n<p><\/p>","protected":false},"excerpt":{"rendered":"<p>M\u0142ody b\u00f3g z p\u0119tl\u0105 na szyi. Terapia u Doktorka czyli druga cz\u0119\u015b\u0107 cyklu ksi\u0105\u017cek Mr\u00f3wczy\u0144skiej. Ta pozycja zaskoczy\u0142a mnie przede wszystkim&#8230; d\u0142ugo\u015bci\u0105. Czy mo\u017ce raczej powinnam powiedzie\u0107: &#8222;kr\u00f3tko\u015bci\u0105&#8221;? Patrz\u0105c na ca\u0142y cykl, tom drugi jest nieproporcjonalnie cieniutki. Pocz\u0105tkowo by\u0142o to&#8230;<\/p>\n","protected":false},"author":1,"featured_media":409,"comment_status":"open","ping_status":"open","sticky":false,"template":"","format":"standard","meta":[],"categories":[4],"tags":[101,89,122,5,76,102],"_links":{"self":[{"href":"http:\/\/ambiwalencja.pl\/blog\/wp-json\/wp\/v2\/posts\/405"}],"collection":[{"href":"http:\/\/ambiwalencja.pl\/blog\/wp-json\/wp\/v2\/posts"}],"about":[{"href":"http:\/\/ambiwalencja.pl\/blog\/wp-json\/wp\/v2\/types\/post"}],"author":[{"embeddable":true,"href":"http:\/\/ambiwalencja.pl\/blog\/wp-json\/wp\/v2\/users\/1"}],"replies":[{"embeddable":true,"href":"http:\/\/ambiwalencja.pl\/blog\/wp-json\/wp\/v2\/comments?post=405"}],"version-history":[{"count":7,"href":"http:\/\/ambiwalencja.pl\/blog\/wp-json\/wp\/v2\/posts\/405\/revisions"}],"predecessor-version":[{"id":686,"href":"http:\/\/ambiwalencja.pl\/blog\/wp-json\/wp\/v2\/posts\/405\/revisions\/686"}],"wp:featuredmedia":[{"embeddable":true,"href":"http:\/\/ambiwalencja.pl\/blog\/wp-json\/wp\/v2\/media\/409"}],"wp:attachment":[{"href":"http:\/\/ambiwalencja.pl\/blog\/wp-json\/wp\/v2\/media?parent=405"}],"wp:term":[{"taxonomy":"category","embeddable":true,"href":"http:\/\/ambiwalencja.pl\/blog\/wp-json\/wp\/v2\/categories?post=405"},{"taxonomy":"post_tag","embeddable":true,"href":"http:\/\/ambiwalencja.pl\/blog\/wp-json\/wp\/v2\/tags?post=405"}],"curies":[{"name":"wp","href":"https:\/\/api.w.org\/{rel}","templated":true}]}}