{"id":408,"date":"2022-04-29T13:10:42","date_gmt":"2022-04-29T13:10:42","guid":{"rendered":"http:\/\/ambiwalencja.pl\/blog\/?p=408"},"modified":"2022-06-14T11:07:46","modified_gmt":"2022-06-14T11:07:46","slug":"mlody-bog-z-petla-na-szyi-samobojstwo-na-raty-anka-mrowczynska","status":"publish","type":"post","link":"http:\/\/ambiwalencja.pl\/blog\/mlody-bog-z-petla-na-szyi-samobojstwo-na-raty-anka-mrowczynska\/","title":{"rendered":"M\u0142ody b\u00f3g z p\u0119tl\u0105 na szyi. Samob\u00f3jstwo na raty &#8211; Anka Mr\u00f3wczy\u0144ska"},"content":{"rendered":"\n<p><em>M\u0142ody b\u00f3g z p\u0119tl\u0105 na szyi. Samob\u00f3jstwo na raty <\/em>czyli trzeci tom cyklu ksi\u0105\u017cek Anki Mr\u00f3wczy\u0144skiej. Trzeci i w moim odczuciu niestety najgorszy i jak na z\u0142o\u015b\u0107: najd\u0142u\u017cszy z ca\u0142ej serii. <\/p>\n\n\n\n<p>Tak jak <em><a href=\"http:\/\/ambiwalencja.pl\/blog\/mlody-bog-z-petla-na-szyi-psychiatryk-anka-mrowczynska\/\">Psychiatryk<\/a> <\/em>mnie poch\u0142on\u0105\u0142, <em><a href=\"http:\/\/ambiwalencja.pl\/blog\/mlody-bog-z-petla-na-szyi-terapia-u-doktorka-anka-mrowczynska\/\">Terapia u doktorka<\/a><\/em> lekko zniecierpliwi\u0142a, tak <em>Samb\u00f3jstwo na raty <\/em>d\u0142u\u017cy\u0142o si\u0119 niemi\u0142osiernie, ci\u0105gn\u0119\u0142o si\u0119 za mn\u0105 i ci\u0105gn\u0119\u0142o. W pewnym momencie poczu\u0142am wr\u0119cz, \u017ce ten tytu\u0142 nie dotyczy tre\u015bci ksi\u0105\u017cki, tylko odczu\u0107 czytelnika. Bo faktycznie, nie by\u0142am w stanie czyta\u0107 tego jednym ci\u0105giem. Co chwil\u0119 odk\u0142ada\u0142am ksi\u0105\u017ck\u0119. Lecia\u0142am wyrywkowo. Niecierpliwi\u0142am si\u0119. Irytowa\u0142am. Trwa\u0142o to i trwa\u0142o. By\u0142am tym wyko\u0144czona i zacz\u0119\u0142am ju\u017c rozwa\u017ca\u0107 napisanie do wydawnictwa: &#8222;przepraszam, ale nie dam rady, nie napisz\u0119 o tej ksi\u0105\u017cce&#8221;. To by\u0142a olbrzymia walka ze sob\u0105, by trwa\u0107 w tym dalej, by si\u0119 nie podda\u0107.<\/p>\n\n\n\n<p>Jako\u015b t\u0119 walk\u0119 przetrwa\u0142am. Pisz\u0119 o tej ksi\u0105\u017cce. Jednocze\u015bnie zastanawiam si\u0119 dlaczego tak opornie mi ona sz\u0142a. Z czytelniczego punktu widzenia, my\u015bl\u0119, \u017ce chodzi\u0142o o form\u0119. Jest to po prostu zrzucony na papier osobisty blog autorki. Kilka lat wpis\u00f3w. Tre\u015bci r\u00f3\u017cnorodnych, zaczynaj\u0105c od opowie\u015bci o wizytach u lekarzy, o codzienno\u015bci, masie emocji i pr\u00f3b radzenia sobie z nimi, na wierszach ko\u0144cz\u0105c. Panuje tu chaos. Jest du\u017co informacji. Nie ma ci\u0105g\u0142o\u015bci. Ogrom niedopowiedze\u0144, my\u015bli, strz\u0119pk\u00f3w \u017cycia i masa cierpienia autorki wylana tak dosadnie. Ten b\u00f3l przenika przez strony, atakuje czytelnika, sprawia, \u017ce ci\u0119\u017cko to wytrzyma\u0107. Bardziej empatyczne jednostki mog\u0105 czu\u0107 pokus\u0119 by ratowa\u0107 Mr\u00f3wczy\u0144sk\u0105, by ul\u017cy\u0107 jej cierpieniu, okie\u0142zna\u0107 rozszarpuj\u0105ce j\u0105 demony. Jednocze\u015bnie pojawia si\u0119 ta bezradno\u015b\u0107, bezsilno\u015b\u0107 i poczucie, \u017ce nic nie mo\u017cna zrobi\u0107. Mo\u017cna tylko siedzie\u0107, wertowa\u0107 kolejne strony i przygl\u0105da\u0107 si\u0119, jak Anka walczy i mierzy si\u0119 z tym w osamotnieniu, cho\u0107 racjonalnie patrz\u0105c, samotna nie jest.<\/p>\n\n\n\n<figure class=\"wp-block-image\"><img loading=\"lazy\" width=\"1024\" height=\"1024\" src=\"http:\/\/ambiwalencja.pl\/blog\/wp-content\/uploads\/2022\/04\/samobojstwo-raty-okladka-1024x1024.jpg\" alt=\"\" class=\"wp-image-640\" srcset=\"http:\/\/ambiwalencja.pl\/blog\/wp-content\/uploads\/2022\/04\/samobojstwo-raty-okladka-1024x1024.jpg 1024w, http:\/\/ambiwalencja.pl\/blog\/wp-content\/uploads\/2022\/04\/samobojstwo-raty-okladka-150x150.jpg 150w, http:\/\/ambiwalencja.pl\/blog\/wp-content\/uploads\/2022\/04\/samobojstwo-raty-okladka-300x300.jpg 300w, http:\/\/ambiwalencja.pl\/blog\/wp-content\/uploads\/2022\/04\/samobojstwo-raty-okladka-768x768.jpg 768w, http:\/\/ambiwalencja.pl\/blog\/wp-content\/uploads\/2022\/04\/samobojstwo-raty-okladka.jpg 1080w\" sizes=\"(max-width: 1024px) 100vw, 1024px\" \/><\/figure>\n\n\n\n<p>Kolejna my\u015bl jaka mi si\u0119 pojawi\u0142a odno\u015bnie lektury brzmi: &#8222;to w\u0142a\u015bnie jest BPD&#8221;. I my\u015bl\u0119, \u017ce ta ksi\u0105\u017cka wspaniale oddaje zaburzenie z pogranicza. Ten chaos, panuj\u0105cy tu b\u00f3l, zagubienie, pi\u0119knie pokazuje z czym mierz\u0105 si\u0119 osoby z BPD. Jako taki obraz, jest to dobra ksi\u0105\u017cka. <\/p>\n\n\n\n<p>Zastanawiam si\u0119 czy <em>M\u0142ody b\u00f3g z p\u0119tl\u0105 na szyi. Samob\u00f3jstwo na raty <\/em>to lektura, kt\u00f3r\u0105 mog\u0119 poleci\u0107 z czystym sumieniem. Je\u015bli chodzi o przes\u0142anie, w moim odczuciu wszystkie poprzednie ksi\u0105\u017cki autorki, z kt\u00f3rymi mia\u0142am styczno\u015b\u0107, s\u0105 o wiele lepsze ni\u017c ta. Przekazu mo\u017cna si\u0119 doszuka\u0107, ale czy to jest tego warte? Sama lektura by\u0142a dla mnie m\u0119czarni\u0105. Literacko niestety mnie to wyko\u0144czy\u0142o. I o ile uwielbiam prac\u0119 psychoterapeutyczn\u0105 z osobami z zaburzeniem osobowo\u015bci typu borderline, tak ta ksi\u0105\u017cka to by\u0142o dla mnie zdecydowanie za du\u017co. Pewnie w du\u017cej mierze dlatego, \u017ce mog\u0142am tylko czyta\u0107, obserwowa\u0107 i \u017cadna moja reakcja czy interwencja nie by\u0142aby mo\u017cliwa. Bo to przecie\u017c tylko ksi\u0105\u017cka. Ksi\u0105\u017cka, po kt\u00f3r\u0105 warto si\u0119gn\u0105\u0107 z jednego g\u0142\u00f3wnego powodu: by mie\u0107 ca\u0142\u0105 seri\u0119 i m\u00f3c u\u0142o\u017cy\u0107 sobie obrazek na grzbietach stron!<\/p>\n\n\n\n<figure class=\"wp-block-image\"><img alt=\"\"\/><\/figure>\n\n\n\n<script src=\"https:\/\/buybox.click\/js\/widget.min.js\"><\/script>\n<span class=\"bb-widget\" id=\"buybox-2m3m\" data-bb-id=\"9520\" data-bb-oid=\"15089449\"><\/span>\n\n\n\n<pre class=\"wp-block-preformatted\"> <br><strong>Tytu\u0142: <\/strong>M\u0142ody b\u00f3g z p\u0119tl\u0105 na szyi. Samob\u00f3jstwo na raty<strong><br>Autorka: <\/strong>Anka Mr\u00f3wczy\u0144ska<strong><br>Wydawnictwo: <\/strong>Psychoskok<strong><br>Rok: <\/strong>2019<strong><br>Ilo\u015b\u0107 stron:<\/strong> 546 <\/pre>\n\n\n\n<p style=\"text-align:center\"><strong>Za ksi\u0105\u017ck\u0119 dzi\u0119kuj\u0119 : <\/strong><\/p>\n\n\n\n<div class=\"wp-block-image\"><figure class=\"aligncenter\"><a href=\"http:\/\/wydawnictwopsychoskok.pl\/\" target=\"_blank\" rel=\"noreferrer noopener\" aria-label=\"j (otwiera si\u0119 na nowej zak\u0142adce)\"><img loading=\"lazy\" width=\"300\" height=\"115\" src=\"http:\/\/ambiwalencja.pl\/blog\/wp-content\/uploads\/2022\/02\/logo_psychoskok_z_napisem-szerokosc-300.png\" alt=\"\" class=\"wp-image-363\"><\/a><\/figure><\/div>\n","protected":false},"excerpt":{"rendered":"<p>M\u0142ody b\u00f3g z p\u0119tl\u0105 na szyi. Samob\u00f3jstwo na raty czyli trzeci tom cyklu ksi\u0105\u017cek Anki Mr\u00f3wczy\u0144skiej. Trzeci i w moim odczuciu niestety najgorszy i jak na z\u0142o\u015b\u0107: najd\u0142u\u017cszy z ca\u0142ej serii. Tak jak Psychiatryk mnie poch\u0142on\u0105\u0142, Terapia u doktorka lekko&#8230;<\/p>\n","protected":false},"author":1,"featured_media":640,"comment_status":"open","ping_status":"open","sticky":false,"template":"","format":"standard","meta":[],"categories":[4],"tags":[101,89,115,117,178,102],"_links":{"self":[{"href":"http:\/\/ambiwalencja.pl\/blog\/wp-json\/wp\/v2\/posts\/408"}],"collection":[{"href":"http:\/\/ambiwalencja.pl\/blog\/wp-json\/wp\/v2\/posts"}],"about":[{"href":"http:\/\/ambiwalencja.pl\/blog\/wp-json\/wp\/v2\/types\/post"}],"author":[{"embeddable":true,"href":"http:\/\/ambiwalencja.pl\/blog\/wp-json\/wp\/v2\/users\/1"}],"replies":[{"embeddable":true,"href":"http:\/\/ambiwalencja.pl\/blog\/wp-json\/wp\/v2\/comments?post=408"}],"version-history":[{"count":9,"href":"http:\/\/ambiwalencja.pl\/blog\/wp-json\/wp\/v2\/posts\/408\/revisions"}],"predecessor-version":[{"id":643,"href":"http:\/\/ambiwalencja.pl\/blog\/wp-json\/wp\/v2\/posts\/408\/revisions\/643"}],"wp:featuredmedia":[{"embeddable":true,"href":"http:\/\/ambiwalencja.pl\/blog\/wp-json\/wp\/v2\/media\/640"}],"wp:attachment":[{"href":"http:\/\/ambiwalencja.pl\/blog\/wp-json\/wp\/v2\/media?parent=408"}],"wp:term":[{"taxonomy":"category","embeddable":true,"href":"http:\/\/ambiwalencja.pl\/blog\/wp-json\/wp\/v2\/categories?post=408"},{"taxonomy":"post_tag","embeddable":true,"href":"http:\/\/ambiwalencja.pl\/blog\/wp-json\/wp\/v2\/tags?post=408"}],"curies":[{"name":"wp","href":"https:\/\/api.w.org\/{rel}","templated":true}]}}