{"id":676,"date":"2022-06-10T20:03:11","date_gmt":"2022-06-10T20:03:11","guid":{"rendered":"http:\/\/ambiwalencja.pl\/blog\/?p=676"},"modified":"2022-06-10T20:03:11","modified_gmt":"2022-06-10T20:03:11","slug":"dar-terapii-list-otwarty-do-nowego-pokolenia-terapeutow-i-ich-pacjentow-irvin-d-yalom","status":"publish","type":"post","link":"http:\/\/ambiwalencja.pl\/blog\/dar-terapii-list-otwarty-do-nowego-pokolenia-terapeutow-i-ich-pacjentow-irvin-d-yalom\/","title":{"rendered":"Dar terapii. List otwarty do nowego pokolenia terapeut\u00f3w i ich pacjent\u00f3w &#8211; Irvin D. Yalom"},"content":{"rendered":"\n<p><em>Dar terapii. List otwarty do nowego pokolenia terapeut\u00f3w i ich pacjent\u00f3w <\/em>to jedna z tych ksi\u0105\u017cek, kt\u00f3re w moim odczuciu s\u0105 obowi\u0105zkowe dla przysz\u0142ych, \u015bwie\u017cych, a tak\u017ce praktykuj\u0105cych ju\u017c terapeut\u00f3w. <\/p>\n\n\n\n<p>O tym, \u017ce Yalom potrafi pisa\u0107 w spos\u00f3b wci\u0105gaj\u0105cy a jednocze\u015bnie zrozumia\u0142y lecz nie banalny zd\u0105\u017cyli\u015bmy si\u0119 ju\u017c przekona\u0107. Ja, czytaj\u0105c i zachwycaj\u0105c si\u0119 ka\u017cd\u0105 jego ksi\u0105\u017ck\u0105, Wy czytaj\u0105c o tym co o jego ksi\u0105\u017ckach pisz\u0119. Ten &#8222;autor doskona\u0142y&#8221; i wybitny psychoterapeuta stworzy\u0142 co\u015b, co pozwala lepiej odnale\u017a\u0107 si\u0119 w \u015bwiecie terapii. \u00d3w List do terapeut\u00f3w napisa\u0142 w 2002 roku. Zosta\u0142 wydany za spraw\u0105 Instytutu Psychologii Zdrowia. Nak\u0142ad ju\u017c dawno si\u0119 sko\u0144czy\u0142, ksi\u0105\u017cka ta by\u0142a rozchwytywana. Czasem mo\u017cna by\u0142o dorwa\u0107 egzemplarz gdzie\u015b na rynku wt\u00f3rnym, nieraz za kilkaset z\u0142otych.<\/p>\n\n\n\n<p>Mamy rok 2022. Od napisania tej pozycji min\u0119\u0142o sporo czasu. Teraz, po tych dwudziestu latach tre\u015b\u0107 w dalszym ci\u0105gu jest aktualna, porywaj\u0105ca i niesamowicie potrzebna. Wydawnictwo Czarna Owca przysz\u0142o na ratunek, wydaj\u0105c w tym roku pi\u0119kn\u0105 lektur\u0119. Jej nadzwyczajno\u015b\u0107 zaczyna si\u0119 na zewn\u0105trz, za spraw\u0105 wspania\u0142ej, bia\u0142ej, wywa\u017conej ok\u0142adki. Kontynuacja tego wybornego produktu znajduje si\u0119 w \u015brodku. Mamy tu niebiesk\u0105 wst\u0105\u017ck\u0119 &#8211; zak\u0142adk\u0119 oraz kwintesencj\u0119 czyli tre\u015b\u0107. Tre\u015b\u0107 przez te wszystkie lata nie zestarza\u0142a si\u0119. W dalszym ci\u0105gu jest wr\u0119cz niezb\u0119dna do pracy.<\/p>\n\n\n\n<figure class=\"wp-block-image\"><img loading=\"lazy\" width=\"1024\" height=\"1024\" src=\"http:\/\/ambiwalencja.pl\/blog\/wp-content\/uploads\/2022\/06\/dar-terapii-ok\u0142adka-1024x1024.jpg\" alt=\"\" class=\"wp-image-680\" srcset=\"http:\/\/ambiwalencja.pl\/blog\/wp-content\/uploads\/2022\/06\/dar-terapii-ok\u0142adka-1024x1024.jpg 1024w, http:\/\/ambiwalencja.pl\/blog\/wp-content\/uploads\/2022\/06\/dar-terapii-ok\u0142adka-150x150.jpg 150w, http:\/\/ambiwalencja.pl\/blog\/wp-content\/uploads\/2022\/06\/dar-terapii-ok\u0142adka-300x300.jpg 300w, http:\/\/ambiwalencja.pl\/blog\/wp-content\/uploads\/2022\/06\/dar-terapii-ok\u0142adka-768x768.jpg 768w, http:\/\/ambiwalencja.pl\/blog\/wp-content\/uploads\/2022\/06\/dar-terapii-ok\u0142adka.jpg 1080w\" sizes=\"(max-width: 1024px) 100vw, 1024px\" \/><\/figure>\n\n\n\n<p>Autor podzieli\u0142 tre\u015b\u0107 na 85. kr\u00f3ciutkich rozdzia\u0142\u00f3w. Ka\u017cdy swoim tytu\u0142em nakre\u015bla o czym b\u0119dzie, dzi\u0119ki czemu \u0142atwo nam odnale\u017a\u0107 fragmenty, gdy potrzebujemy co\u015b szybko sprawdzi\u0107. Ogrom wiedzy, cho\u0107 przedstawiony w spos\u00f3b kr\u00f3tki i skondensowany, pozwala na poprawienie swojego warsztatu, udoskonalenie, ale te\u017c przyjrzenie si\u0119 swojej pracy. Yalom jak to Yalom, du\u017c\u0105 uwag\u0119 skupia na procesie terapeutycznym i to on jest tu szczeg\u00f3lnie mocno prze\u015bwietlony. Wskaz\u00f3wek, rad, z\u0142otych my\u015bli jest tu tak du\u017co, \u017ce niemal sko\u0144czy\u0142y mi si\u0119 znaczniki, kt\u00f3re teraz zdobi\u0105 m\u00f3j egzemplarz. To jeden z tych twor\u00f3w, w kt\u00f3rym chce si\u0119 zaznacza\u0107 niemal wszystko. Mnogo\u015b\u0107 intryguj\u0105cych i przydatnych cytat\u00f3w powala.<\/p>\n\n\n\n<p>Na samym ko\u0144cu znajduje si\u0119 wywiad z autorem, ale tak\u017ce uaktualnienie. Irvin pisze o tym, \u017ce lektura w\u0142asnego tekstu po tylu latach nie tylko wywo\u0142a\u0142a w nim wiele wspomnie\u0144, ale te\u017c pojawi\u0142o si\u0119 sporo przemy\u015ble\u0144. W tym rozdziale rozwija niekt\u00f3re zagadnienia, dostarcza dodatkowej wiedzy i nowego, \u015bwie\u017cego, zaktualizowanego spojrzenia do\u015bwiadczonego cz\u0142owieka, ale te\u017c eksperta w swojej bran\u017cy. To bardzo cenne uwagi to argument, by maj\u0105c upolowane stare wydanie, si\u0119gn\u0105\u0107 tak\u017ce po to nowe. <\/p>\n\n\n\n<p><em>Dar terapii. List otwarty do nowego pokolenia terapeut\u00f3w i ich pacjent\u00f3w <\/em>to tytu\u0142, kt\u00f3ry krzyczy, \u017ce to taki terapeutyczny must have.  Natomiast niezale\u017cnie od tego czy jeste\u015bcie tu w roli terapeuty czy pacjenta, polecam Wam si\u0119gn\u0105\u0107 po <em>Dar terapii<\/em>. A je\u015bli jeste\u015bcie &#8222;z bran\u017cy&#8221;, to wr\u0119cz Waszym obowi\u0105zkiem powinno by\u0107 zapoznanie si\u0119 z t\u0105 tre\u015bci\u0105. Zach\u0119cam Was do tego z ca\u0142ego serca. Warto.<\/p>\n\n\n\n<p><br><\/p>\n\n\n\n<script src=\"https:\/\/buybox.click\/js\/widget.min.js\"><\/script>\n<span class=\"bb-widget\" id=\"buybox-jkgz\" data-bb-id=\"9520\" data-bb-oid=\"171219648\"><\/span>\n\n\n\n<p><\/p>\n\n\n<p><br>\n<!--StartFragment--><\/p>\n\n\n<pre class=\"wp-block-preformatted\"><strong>Tytu\u0142:<\/strong> Dar terapii. List otwarty do nowego pokolenia terapeut\u00f3w i ich pacjent\u00f3w<br><strong>Autor:<\/strong> Irvin D. Yalom<strong><br>Wydawnictwo: <\/strong>Czarna Owca<strong><br>Rok: <\/strong>2022<br><strong>Ilo\u015b\u0107 stron:<\/strong> 392 <\/pre>\n\n\n<p><!--StartFragment--><\/p>\n\n\n<p style=\"text-align:center\"><\/p>\n\n\n\n<p style=\"text-align:center\"><strong>Za ksi\u0105\u017ck\u0119 dzi\u0119kuj\u0119:<\/strong><\/p>\n\n\n\n<div class=\"wp-block-image\"><figure class=\"aligncenter is-resized\"><a href=\"https:\/\/www.czarnaowca.pl\/\" target=\"_blank\" rel=\"noreferrer noopener\"><img loading=\"lazy\" src=\"http:\/\/ambiwalencja.pl\/blog\/wp-content\/uploads\/2022\/02\/uci\u0119te.png\" alt=\"\" class=\"wp-image-327\" width=\"285\" height=\"114\" srcset=\"http:\/\/ambiwalencja.pl\/blog\/wp-content\/uploads\/2022\/02\/uci\u0119te.png 500w, http:\/\/ambiwalencja.pl\/blog\/wp-content\/uploads\/2022\/02\/uci\u0119te-300x120.png 300w\" sizes=\"(max-width: 285px) 100vw, 285px\" \/><\/a><\/figure><\/div>\n\n\n<p><!--EndFragment--><br>\n<br>\n<\/p>","protected":false},"excerpt":{"rendered":"<p>Dar terapii. List otwarty do nowego pokolenia terapeut\u00f3w i ich pacjent\u00f3w to jedna z tych ksi\u0105\u017cek, kt\u00f3re w moim odczuciu s\u0105 obowi\u0105zkowe dla przysz\u0142ych, \u015bwie\u017cych, a tak\u017ce praktykuj\u0105cych ju\u017c terapeut\u00f3w. O tym, \u017ce Yalom potrafi pisa\u0107 w spos\u00f3b wci\u0105gaj\u0105cy a&#8230;<\/p>\n","protected":false},"author":1,"featured_media":680,"comment_status":"open","ping_status":"open","sticky":false,"template":"","format":"standard","meta":[],"categories":[4],"tags":[99,199,94,15],"_links":{"self":[{"href":"http:\/\/ambiwalencja.pl\/blog\/wp-json\/wp\/v2\/posts\/676"}],"collection":[{"href":"http:\/\/ambiwalencja.pl\/blog\/wp-json\/wp\/v2\/posts"}],"about":[{"href":"http:\/\/ambiwalencja.pl\/blog\/wp-json\/wp\/v2\/types\/post"}],"author":[{"embeddable":true,"href":"http:\/\/ambiwalencja.pl\/blog\/wp-json\/wp\/v2\/users\/1"}],"replies":[{"embeddable":true,"href":"http:\/\/ambiwalencja.pl\/blog\/wp-json\/wp\/v2\/comments?post=676"}],"version-history":[{"count":6,"href":"http:\/\/ambiwalencja.pl\/blog\/wp-json\/wp\/v2\/posts\/676\/revisions"}],"predecessor-version":[{"id":683,"href":"http:\/\/ambiwalencja.pl\/blog\/wp-json\/wp\/v2\/posts\/676\/revisions\/683"}],"wp:featuredmedia":[{"embeddable":true,"href":"http:\/\/ambiwalencja.pl\/blog\/wp-json\/wp\/v2\/media\/680"}],"wp:attachment":[{"href":"http:\/\/ambiwalencja.pl\/blog\/wp-json\/wp\/v2\/media?parent=676"}],"wp:term":[{"taxonomy":"category","embeddable":true,"href":"http:\/\/ambiwalencja.pl\/blog\/wp-json\/wp\/v2\/categories?post=676"},{"taxonomy":"post_tag","embeddable":true,"href":"http:\/\/ambiwalencja.pl\/blog\/wp-json\/wp\/v2\/tags?post=676"}],"curies":[{"name":"wp","href":"https:\/\/api.w.org\/{rel}","templated":true}]}}