{"id":849,"date":"2022-10-04T15:56:00","date_gmt":"2022-10-04T15:56:00","guid":{"rendered":"http:\/\/ambiwalencja.pl\/blog\/?p=849"},"modified":"2022-10-16T15:59:48","modified_gmt":"2022-10-16T15:59:48","slug":"kwestia-spinozy-irvin-d-yalom","status":"publish","type":"post","link":"http:\/\/ambiwalencja.pl\/blog\/kwestia-spinozy-irvin-d-yalom\/","title":{"rendered":"Kwestia Spinozy &#8211; Irvin D. Yalom"},"content":{"rendered":"\n<p><em>Kwestia Spinozy<\/em> i kolejna na koncie Yaloma, oraz nast\u0119pna na moim czytelniczym liczniku, powie\u015b\u0107 psychoterapeutyczna. Co za tym idzie, moje oczekiwania by\u0142y naprawd\u0119 mooocno wyg\u00f3rowane. Niestety, tym razem nie uda\u0142o si\u0119 ich do ko\u0144ca spe\u0142ni\u0107.<\/p>\n\n\n\n<p>W zasadzie to sama jestem zaskoczona tym, \u017ce a\u017c tak zawiod\u0142am si\u0119 lektur\u0105. By\u0142o to dla mnie niespodziewane, bo przecie\u017c ub\u00f3stwiam Yaloma i ch\u0142on\u0119 jego s\u0142owa z olbrzymi\u0105 rado\u015bci\u0105 i satysfakcj\u0105. Tu by\u0142o zupe\u0142nie inaczej, ale d\u0142u\u017cszy namys\u0142 i pochylenie si\u0119 nad ksi\u0105\u017ck\u0105 da\u0142o mi odpowied\u017a na pytanie: &#8222;z czego to wynika?&#8221;<\/p>\n\n\n\n<p>Nigdy nie lubi\u0142am historii. By\u0142o to co\u015b przed czym broni\u0142am si\u0119 jak mog\u0142am. Gdy w tek\u015bcie pojawia si\u0119 data, automatycznie zasypiam. Za du\u017co historycznych fakt\u00f3w odrzuca mnie, zniech\u0119ca. Tu autor wplata du\u017co fakt\u00f3w z przesz\u0142o\u015bci, dlatego te\u017c lektura sz\u0142a mi bardzo opornie.<\/p>\n\n\n\n<p>To ciekawe, \u017ce powie\u015b\u0107, kt\u00f3ra jest fikcj\u0105, zadzia\u0142a\u0142a na mnie tak, jakby jednak by\u0142a powie\u015bci\u0105 historyczn\u0105. Zniech\u0119ci\u0142a mnie, momentami nie mia\u0142am si\u0142 by czyta\u0107 dalej, by\u0142am znu\u017cona, zniech\u0119cona do lektury. \u015awiadczy to o tym, \u017ce Irvin napisa\u0142 bardzo dobr\u0105 ksi\u0105\u017ck\u0119. Jego celem by\u0142o wplecenie jak najwi\u0119kszej ilo\u015bci fakt\u00f3w, wydarze\u0144 z przesz\u0142o\u015bci i po\u0142\u0105czenie ich z literack\u0105 fikcj\u0105. Je\u015bli powie\u015b\u0107 zadzia\u0142a\u0142a na mnie w ten w\u0142a\u015bnie spos\u00f3b, to chyba najlepszy dow\u00f3d na to, \u017ce faktycznie uda\u0142 mu si\u0119 ten zabieg. <\/p>\n\n\n\n<p><\/p>\n\n\n\n<figure class=\"wp-block-image size-large\"><a href=\"http:\/\/ambiwalencja.pl\/blog\/wp-content\/uploads\/2022\/10\/kwestia-spinozy-okladka.jpg\"><img loading=\"lazy\" width=\"1024\" height=\"1024\" src=\"http:\/\/ambiwalencja.pl\/blog\/wp-content\/uploads\/2022\/10\/kwestia-spinozy-okladka-1024x1024.jpg\" alt=\"\" class=\"wp-image-864\" srcset=\"http:\/\/ambiwalencja.pl\/blog\/wp-content\/uploads\/2022\/10\/kwestia-spinozy-okladka-1024x1024.jpg 1024w, http:\/\/ambiwalencja.pl\/blog\/wp-content\/uploads\/2022\/10\/kwestia-spinozy-okladka-300x300.jpg 300w, http:\/\/ambiwalencja.pl\/blog\/wp-content\/uploads\/2022\/10\/kwestia-spinozy-okladka-150x150.jpg 150w, http:\/\/ambiwalencja.pl\/blog\/wp-content\/uploads\/2022\/10\/kwestia-spinozy-okladka-768x768.jpg 768w, http:\/\/ambiwalencja.pl\/blog\/wp-content\/uploads\/2022\/10\/kwestia-spinozy-okladka.jpg 1080w\" sizes=\"(max-width: 1024px) 100vw, 1024px\" \/><\/a><\/figure>\n\n\n\n<p><em>Kwestia Spinozy<\/em> to lektura przesi\u0105kni\u0119ta antysemityzmem i filozofi\u0105. Autor pisze dwutorowo, opowiadaj\u0105c o \u017cyciu Spinozy, ale te\u017c o rozwoju i dorastaniu Rosenberga. Jego poczynania zaczynamy \u015bledzi\u0107 ju\u017c na etapie, gdy ma zaledwie szesna\u015bcie lat. Przygl\u0105damy si\u0119 nie tylko jego pogl\u0105dom czy relacji z Hitlerem, ale tak\u017ce &#8211; a raczej przede wszystkim, bo to dla mnie w\u0105tek najciekawszy &#8211; relacji terapeutycznej i og\u00f3lnie psychoterapii. W moim odczuciu by\u0142a ona ra\u017c\u0105ca, odpychaj\u0105ca w wielu kwestiach, lecz my\u015bl\u0119, \u017ce te r\u00f3\u017cnice pogl\u0105dowe i etyczne wynikaj\u0105 z tego, \u017ce Yalom chcia\u0142 odda\u0107 swoje wyobra\u017cenie o tego typu terapii, przenosz\u0105c je na dawne czasy. Czy mu si\u0119 to uda\u0142o? Nie wiem, bo nie wiem jak wygl\u0105da\u0142o to dawniej. Lecz powt\u00f3rz\u0119: s\u0105dz\u0105c po mojej reakcji, niech\u0119ci do tre\u015bci ksi\u0105\u017cki, ze wzgl\u0119du na &#8222;prawdziwo\u015b\u0107 historyczn\u0105&#8221;, my\u015bl\u0119, \u017ce wysz\u0142o mu to wybitnie. Zatem jest to bardzo dobra ksi\u0105\u017cka. Ale je\u015bli, tak jak ja, nie lubisz historii i mocnych inspiracji ni\u0105 &#8211; odpu\u015b\u0107. <\/p>\n\n\n\n<p><\/p>\n\n\n\n<h1 class=\"entry-title\"><\/h1>\n\n\n\n<script src=\"https:\/\/buybox.click\/js\/widget.min.js\"><\/script>\n<span class=\"bb-widget\" id=\"buybox-et1i\" data-bb-id=\"9520\" data-bb-oid=\"180168524\"><\/span>\n\n\n\n<pre class=\"wp-block-preformatted\"> <br><\/pre>\n\n\n\n<pre class=\"wp-block-preformatted\"><strong>Tytu\u0142:<\/strong> Kwestia Spinozy\n<strong>Autor:<\/strong> Irvin D. Yalom<strong>\nWydawnictwo: <\/strong>Czarna Owca<strong>\nRok: <\/strong>2022\n<strong>Ilo\u015b\u0107 stron:<\/strong> 480 <\/pre>\n\n\n<p><!--StartFragment--><\/p>\n\n\n<p class=\"has-text-align-center\"><\/p>\n\n\n\n<p class=\"has-text-align-center\"><strong>Za ksi\u0105\u017ck\u0119 dzi\u0119kuj\u0119:<\/strong><\/p>\n\n\n<div class=\"wp-block-image\">\n<figure class=\"aligncenter\"><a href=\"https:\/\/www.czarnaowca.pl\/\" target=\"_blank\" rel=\"noreferrer noopener\"><img loading=\"lazy\" width=\"500\" height=\"200\" src=\"http:\/\/ambiwalencja.pl\/blog\/wp-content\/uploads\/2022\/02\/uci\u0119te.png\" alt=\"\" class=\"wp-image-327\" srcset=\"http:\/\/ambiwalencja.pl\/blog\/wp-content\/uploads\/2022\/02\/uci\u0119te.png 500w, http:\/\/ambiwalencja.pl\/blog\/wp-content\/uploads\/2022\/02\/uci\u0119te-300x120.png 300w\" sizes=\"(max-width: 500px) 100vw, 500px\" \/><\/a><\/figure><\/div>","protected":false},"excerpt":{"rendered":"<p>Kwestia Spinozy i kolejna na koncie Yaloma, oraz nast\u0119pna na moim czytelniczym liczniku, powie\u015b\u0107 psychoterapeutyczna. Co za tym idzie, moje oczekiwania by\u0142y naprawd\u0119 mooocno wyg\u00f3rowane. Niestety, tym razem nie uda\u0142o si\u0119 ich do ko\u0144ca spe\u0142ni\u0107. W zasadzie to sama jestem&#8230;<\/p>\n","protected":false},"author":1,"featured_media":864,"comment_status":"open","ping_status":"open","sticky":false,"template":"","format":"standard","meta":[],"categories":[4],"tags":[99,94,15],"_links":{"self":[{"href":"http:\/\/ambiwalencja.pl\/blog\/wp-json\/wp\/v2\/posts\/849"}],"collection":[{"href":"http:\/\/ambiwalencja.pl\/blog\/wp-json\/wp\/v2\/posts"}],"about":[{"href":"http:\/\/ambiwalencja.pl\/blog\/wp-json\/wp\/v2\/types\/post"}],"author":[{"embeddable":true,"href":"http:\/\/ambiwalencja.pl\/blog\/wp-json\/wp\/v2\/users\/1"}],"replies":[{"embeddable":true,"href":"http:\/\/ambiwalencja.pl\/blog\/wp-json\/wp\/v2\/comments?post=849"}],"version-history":[{"count":6,"href":"http:\/\/ambiwalencja.pl\/blog\/wp-json\/wp\/v2\/posts\/849\/revisions"}],"predecessor-version":[{"id":865,"href":"http:\/\/ambiwalencja.pl\/blog\/wp-json\/wp\/v2\/posts\/849\/revisions\/865"}],"wp:featuredmedia":[{"embeddable":true,"href":"http:\/\/ambiwalencja.pl\/blog\/wp-json\/wp\/v2\/media\/864"}],"wp:attachment":[{"href":"http:\/\/ambiwalencja.pl\/blog\/wp-json\/wp\/v2\/media?parent=849"}],"wp:term":[{"taxonomy":"category","embeddable":true,"href":"http:\/\/ambiwalencja.pl\/blog\/wp-json\/wp\/v2\/categories?post=849"},{"taxonomy":"post_tag","embeddable":true,"href":"http:\/\/ambiwalencja.pl\/blog\/wp-json\/wp\/v2\/tags?post=849"}],"curies":[{"name":"wp","href":"https:\/\/api.w.org\/{rel}","templated":true}]}}