{"id":853,"date":"2022-10-01T15:24:00","date_gmt":"2022-10-01T15:24:00","guid":{"rendered":"http:\/\/ambiwalencja.pl\/blog\/?p=853"},"modified":"2022-10-16T17:39:29","modified_gmt":"2022-10-16T17:39:29","slug":"drugie-zycie-snow-frazy-ekfrazy-i-tak-dalej-malgorzata-opoczynska","status":"publish","type":"post","link":"http:\/\/ambiwalencja.pl\/blog\/drugie-zycie-snow-frazy-ekfrazy-i-tak-dalej-malgorzata-opoczynska\/","title":{"rendered":"Drugie \u017cycie sn\u00f3w. Frazy, ekfrazy i tak dalej &#8211; Ma\u0142gorzata Opoczy\u0144ska"},"content":{"rendered":"\n<p><em>Drugie \u017cycie sn\u00f3w. Frazy, ekfrazy i tak dalej<\/em> jest pozycj\u0105 do\u015b\u0107 specyficzn\u0105, aczkolwiek intryguj\u0105c\u0105. Autorka zanurza si\u0119 w tematyk\u0119 sn\u00f3w do\u015b\u0107 g\u0142\u0119boko, wielow\u0105tkowo, na r\u00f3\u017cnych p\u0142aszczyznach.<\/p>\n\n\n\n<p>W zasadzie to nie wiem czego spodziewa\u0142am si\u0119 po tej pozycji. Niemniej jakiekolwiek nie by\u0142yby te oczekiwania, nie my\u015bla\u0142abym, \u017ce w\u0142a\u015bnie tak b\u0119dzie wygl\u0105da\u0107 ta lektura. Pe\u0142na cytat\u00f3w, odniesie\u0144, parafraz, my\u015bli i refleksji. <\/p>\n\n\n\n<p>Opoczy\u0144ska wykona\u0142a tu kawa\u0142 ogromnej i jak\u017ce &#8211; w moim odczuciu &#8211; \u017cmudnej pracy. Dostarcza nam olbrzymiego przegl\u0105du &#8222;sennego&#8221;. Odwo\u0142uje si\u0119 do r\u00f3\u017cnorodnych dzie\u0142 kultury. Przegrzebuje literatur\u0119 wzd\u0142u\u017c i wszerz, by uzyska\u0107 materia\u0142 do tej obszernej, pi\u0119knie wydanej ceg\u0142y. Wpadam w niezwyk\u0142y podziw, zachwyt, ale te\u017c wsp\u00f3\u0142czucie, my\u015bl\u0105c o researchu, jaki musia\u0142a tu dokona\u0107. <\/p>\n\n\n\n<p>Mam oczywi\u015bcie takie momenty, \u017ce mimo olbrzymiego docenienia w\u0142o\u017conej pracy w t\u0119 ksi\u0105\u017ck\u0119, zaczyna mnie m\u0119czy\u0107. Czyta\u0142am j\u0105 powoli, na raty. Cz\u0119sto odk\u0142adaj\u0105c i wracaj\u0105c ponownie. Du\u017ca ilo\u015b\u0107 przypis\u00f3w, odwo\u0142a\u0144, tak w\u0142a\u015bnie na mnie dzia\u0142a. Ale po czasie wraca\u0142am, pragn\u0105c wi\u0119cej. Cho\u0107 czu\u0142am ten ci\u0119\u017c\u0105r informacyjny, trudno by\u0142o mi go odpu\u015bci\u0107.<\/p>\n\n\n\n<p><\/p>\n\n\n\n<figure class=\"wp-block-image size-large\"><a href=\"http:\/\/ambiwalencja.pl\/blog\/wp-content\/uploads\/2022\/10\/drugie-zycie-snow-okladka.jpg\"><img loading=\"lazy\" width=\"1024\" height=\"1024\" src=\"http:\/\/ambiwalencja.pl\/blog\/wp-content\/uploads\/2022\/10\/drugie-zycie-snow-okladka-1024x1024.jpg\" alt=\"\" class=\"wp-image-872\" srcset=\"http:\/\/ambiwalencja.pl\/blog\/wp-content\/uploads\/2022\/10\/drugie-zycie-snow-okladka-1024x1024.jpg 1024w, http:\/\/ambiwalencja.pl\/blog\/wp-content\/uploads\/2022\/10\/drugie-zycie-snow-okladka-300x300.jpg 300w, http:\/\/ambiwalencja.pl\/blog\/wp-content\/uploads\/2022\/10\/drugie-zycie-snow-okladka-150x150.jpg 150w, http:\/\/ambiwalencja.pl\/blog\/wp-content\/uploads\/2022\/10\/drugie-zycie-snow-okladka-768x768.jpg 768w, http:\/\/ambiwalencja.pl\/blog\/wp-content\/uploads\/2022\/10\/drugie-zycie-snow-okladka.jpg 1080w\" sizes=\"(max-width: 1024px) 100vw, 1024px\" \/><\/a><\/figure>\n\n\n\n<p>Natomiast to co szczeg\u00f3lnie z\u0142apa\u0142o mnie za serce i wprawi\u0142o w jeszcze wi\u0119kszy podziw dla autorki, to same sny. Autorka dzieli si\u0119 z nami swymi sennymi marzeniami. Opowiada szczeg\u00f3\u0142owo o swoim nie\u015bwiadomym \u017cyciu. Zawsze uwa\u017ca\u0142am i nadal uwa\u017cam, \u017ce sny to jedna z najbardziej intymnych rzeczy, jakie mamy. Dzielenie si\u0119 nimi z tak\u0105 dok\u0142adno\u015bci\u0105 jest nie tylko niebywa\u0142\u0105 odwag\u0105, ale te\u017c sprawia, \u017ce automatycznie bli\u017cej mi do takiej osoby. Ch\u0142on\u0119\u0142am te opowie\u015bci, zadziwiaj\u0105c si\u0119 nimi. Czyta\u0142am, maj\u0105c w sobie ogromn\u0105 wdzi\u0119czno\u015b\u0107 i podziw. Dot\u0105d czyta\u0142am wy\u0142\u0105cznie swoje sny w takiej ilo\u015bci, tak skumulowane, tak opisane. Pierwszy raz w \u017cyciu kto\u015b udost\u0119pni\u0142 mi zbieranin\u0119 swoich tre\u015bci pod\u015bwiadomo\u015bci. By\u0142a to dla mnie fascynuj\u0105ca uczta.<\/p>\n\n\n\n<p><em>Drugie \u017cycie sn\u00f3w. Frazy, ekfrazy i tak dalej<\/em> to w zasadzie taka uczta. Nietypowa. Intryguj\u0105ca. Fascynuj\u0105ca. A do tego przepi\u0119knie wydana, jak to Wydawnictwo Uniwersytetu Jagiello\u0144skiego ma w zwyczaju. Solidna, twarda ksi\u0119ga. Tajemnicza. Poci\u0105gaj\u0105ca. Czasem wprawiaj\u0105ca w niepok\u00f3j. Ale dok\u0142adnie takie s\u0105 sny. A tu mo\u017cemy zaobserwowa\u0107 ich drugie \u017cycie. <\/p>\n\n\n\n<script src=\"https:\/\/buybox.click\/js\/widget.min.js\"><\/script>\n<span class=\"bb-widget\" id=\"buybox-lssz\" data-bb-id=\"9520\" data-bb-oid=\"175302984\"><\/span>\n\n\n\n<pre class=\"wp-block-preformatted\"><strong>Tytu\u0142:<\/strong> Drugie \u017cycie sn\u00f3w. Frazy, ekfrazy i tak dalej\n<strong>Autor:<\/strong> Ma\u0142gorzata Opoczy\u0144ska<strong>\nWydawnictwo:<\/strong>Wydawnictwo Uniwersytetu Jagiello\u0144skiego\n<strong>Rok: <\/strong>2022\n<strong>Ilo\u015b\u0107 stron:<\/strong> 400 <\/pre>\n\n\n<p><!--StartFragment--><\/p>\n\n\n<p class=\"has-text-align-center\"><strong>Za ksi\u0105\u017ck\u0119 dzi\u0119kuj\u0119 :<\/strong><\/p>\n\n\n<div class=\"wp-block-image\">\n<figure class=\"aligncenter\"><a href=\"https:\/\/wuj.pl\/\" target=\"_blank\" rel=\"noreferrer noopener\"><img loading=\"lazy\" width=\"170\" height=\"170\" src=\"http:\/\/ambiwalencja.pl\/blog\/wp-content\/uploads\/2022\/02\/logo-na-fb-wuj.png\" alt=\"\" class=\"wp-image-361\" srcset=\"http:\/\/ambiwalencja.pl\/blog\/wp-content\/uploads\/2022\/02\/logo-na-fb-wuj.png 170w, http:\/\/ambiwalencja.pl\/blog\/wp-content\/uploads\/2022\/02\/logo-na-fb-wuj-150x150.png 150w\" sizes=\"(max-width: 170px) 100vw, 170px\" \/><\/a><\/figure><\/div>","protected":false},"excerpt":{"rendered":"<p>Drugie \u017cycie sn\u00f3w. Frazy, ekfrazy i tak dalej jest pozycj\u0105 do\u015b\u0107 specyficzn\u0105, aczkolwiek intryguj\u0105c\u0105. Autorka zanurza si\u0119 w tematyk\u0119 sn\u00f3w do\u015b\u0107 g\u0142\u0119boko, wielow\u0105tkowo, na r\u00f3\u017cnych p\u0142aszczyznach. W zasadzie to nie wiem czego spodziewa\u0142am si\u0119 po tej pozycji. Niemniej jakiekolwiek nie&#8230;<\/p>\n","protected":false},"author":1,"featured_media":872,"comment_status":"open","ping_status":"open","sticky":false,"template":"","format":"standard","meta":[],"categories":[4],"tags":[242,34,177,18],"_links":{"self":[{"href":"http:\/\/ambiwalencja.pl\/blog\/wp-json\/wp\/v2\/posts\/853"}],"collection":[{"href":"http:\/\/ambiwalencja.pl\/blog\/wp-json\/wp\/v2\/posts"}],"about":[{"href":"http:\/\/ambiwalencja.pl\/blog\/wp-json\/wp\/v2\/types\/post"}],"author":[{"embeddable":true,"href":"http:\/\/ambiwalencja.pl\/blog\/wp-json\/wp\/v2\/users\/1"}],"replies":[{"embeddable":true,"href":"http:\/\/ambiwalencja.pl\/blog\/wp-json\/wp\/v2\/comments?post=853"}],"version-history":[{"count":3,"href":"http:\/\/ambiwalencja.pl\/blog\/wp-json\/wp\/v2\/posts\/853\/revisions"}],"predecessor-version":[{"id":874,"href":"http:\/\/ambiwalencja.pl\/blog\/wp-json\/wp\/v2\/posts\/853\/revisions\/874"}],"wp:featuredmedia":[{"embeddable":true,"href":"http:\/\/ambiwalencja.pl\/blog\/wp-json\/wp\/v2\/media\/872"}],"wp:attachment":[{"href":"http:\/\/ambiwalencja.pl\/blog\/wp-json\/wp\/v2\/media?parent=853"}],"wp:term":[{"taxonomy":"category","embeddable":true,"href":"http:\/\/ambiwalencja.pl\/blog\/wp-json\/wp\/v2\/categories?post=853"},{"taxonomy":"post_tag","embeddable":true,"href":"http:\/\/ambiwalencja.pl\/blog\/wp-json\/wp\/v2\/tags?post=853"}],"curies":[{"name":"wp","href":"https:\/\/api.w.org\/{rel}","templated":true}]}}