{"id":929,"date":"2022-10-30T19:44:00","date_gmt":"2022-10-30T19:44:00","guid":{"rendered":"http:\/\/ambiwalencja.pl\/blog\/?p=929"},"modified":"2022-11-15T12:25:54","modified_gmt":"2022-11-15T12:25:54","slug":"z-wielka-odwaga-jak-odwaga-bycia-wrazliwym-zmienia-to-jak-zyjemy-i-kochamy-jakimi-rodzicami-i-liderami-jestesmy-brene-brown","status":"publish","type":"post","link":"http:\/\/ambiwalencja.pl\/blog\/z-wielka-odwaga-jak-odwaga-bycia-wrazliwym-zmienia-to-jak-zyjemy-i-kochamy-jakimi-rodzicami-i-liderami-jestesmy-brene-brown\/","title":{"rendered":"Z wielk\u0105 odwag\u0105. Jak odwaga bycia wra\u017cliwym zmienia to, jak \u017cyjemy i kochamy, jakimi rodzicami i liderami jeste\u015bmy &#8211; Bren\u00e9 Brown"},"content":{"rendered":"\n<p><em>Z wielk\u0105 odwag\u0105<\/em>.<em> Jak odwaga bycia wra\u017cliwym zmienia to, jak \u017cyjemy i kochamy, jakimi rodzicami i liderami jeste\u015bmy<\/em> to pierwsza ksi\u0105\u017cka Bren\u00e9 Brown, kt\u00f3r\u0105 mia\u0142am przyjemno\u015b\u0107 przeczyta\u0107. Na szcz\u0119\u015bcie to nie m\u00f3j pierwszy kontakt z my\u015bl\u0105 autorki. Zacz\u0119\u0142o si\u0119 od wys\u0142uchania jej przem\u00f3wienia odno\u015bnie wra\u017cliwo\u015bci na TEDx. Ju\u017c wtedy mnie uj\u0119\u0142a&#8230;<\/p>\n\n\n\n<p>Uj\u0119\u0142a mnie swoim wyst\u0105pieniem, tak samo uj\u0119\u0142a mnie tym co pisze. Jakbym mia\u0142a powiedzie\u0107 to najog\u00f3lniej, to Bren\u00e9 jest dla mnie &#8222;babk\u0105 od wra\u017cliwo\u015bci&#8221;. Po prostu. To w jaki spos\u00f3b o niej m\u00f3wi, jak j\u0105 rozk\u0142ada na cz\u0119\u015bci pierwsze, w jaki spos\u00f3b dzieli si\u0119 swoj\u0105 wiedz\u0105. Jest to dla mnie niezwyk\u0142e i zwyczajnie j\u0105 za to podziwiam. <\/p>\n\n\n\n<p>Autorka nie tylko odwo\u0142uje si\u0119 do bada\u0144, ale te\u017c opowiada o swoich osobistych do\u015bwiadczeniach. Wpuszcza nas do swojego \u015bwiata, ods\u0142ania si\u0119 przed nami, pokazuje swoje niedoskona\u0142o\u015bci. W moim odczuciu to jest ta wielka, tytu\u0142owa odwaga. To jest ta super moc, kt\u00f3r\u0105 tak trudno uaktywni\u0107 w sobie. To jest to co w niej podziwiam i dlatego te\u017c z takim zaanga\u017cowaniem i fascynacj\u0105 ch\u0142on\u0119 jej s\u0142owa.<\/p>\n\n\n\n<p>Brown odwo\u0142uje si\u0119 nie tylko do swoich wyst\u0105pie\u0144, ale te\u017c do innych swoich publikacji. Obala mity dotycz\u0105ce wra\u017cliwo\u015bci. Pisze o r\u00f3\u017cnych do\u015bwiadczeniach wstydu. Powo\u0142uje si\u0119 na sw\u00f3j proces badawczy i jego przebieg, niekiedy wtr\u0105caj\u0105c jakie\u015b anegdotki, dzi\u0119ki czemu ksi\u0105\u017cka nabiera dodatkowej lekko\u015bci. <\/p>\n\n\n\n<p>W\u0142a\u015bnie, ta lekko\u015b\u0107&#8230; Cho\u0107 temat do najl\u017cejszych nie nale\u017cy, to ca\u0142o\u015b\u0107 jest bardzo przyst\u0119pna i dobra w odbiorze. Momentami trudna, bo u\u015bwiadamiaj\u0105ca. Cz\u0119\u015bciej jednak podnosz\u0105ca na duchu i motywuj\u0105ca. Wiedza i informacje zaserwowane s\u0105 tu w taki spos\u00f3b, \u017ce nie tylko otwieraj\u0105 oczy, ale te\u017c sprawiaj\u0105, \u017ce mo\u017ce narodzi\u0107 si\u0119 w nas ch\u0119\u0107 na wprowadzenie zmian. <\/p>\n\n\n\n<figure class=\"wp-block-image size-large\"><a href=\"http:\/\/ambiwalencja.pl\/blog\/wp-content\/uploads\/2022\/11\/z-wielka-odwaga-okladka.jpg\"><img loading=\"lazy\" width=\"1024\" height=\"1024\" src=\"http:\/\/ambiwalencja.pl\/blog\/wp-content\/uploads\/2022\/11\/z-wielka-odwaga-okladka-1024x1024.jpg\" alt=\"\" class=\"wp-image-931\" srcset=\"http:\/\/ambiwalencja.pl\/blog\/wp-content\/uploads\/2022\/11\/z-wielka-odwaga-okladka-1024x1024.jpg 1024w, http:\/\/ambiwalencja.pl\/blog\/wp-content\/uploads\/2022\/11\/z-wielka-odwaga-okladka-300x300.jpg 300w, http:\/\/ambiwalencja.pl\/blog\/wp-content\/uploads\/2022\/11\/z-wielka-odwaga-okladka-150x150.jpg 150w, http:\/\/ambiwalencja.pl\/blog\/wp-content\/uploads\/2022\/11\/z-wielka-odwaga-okladka-768x768.jpg 768w, http:\/\/ambiwalencja.pl\/blog\/wp-content\/uploads\/2022\/11\/z-wielka-odwaga-okladka.jpg 1080w\" sizes=\"(max-width: 1024px) 100vw, 1024px\" \/><\/a><\/figure>\n\n\n\n<p>To co bardzo mocno do mnie trafia, z czym cz\u0119sto spotykam si\u0119 w gabinecie to tzw. podw\u00f3jne standardy. Czyli na przyk\u0142ad: &#8222;inni mog\u0105 by\u0107 wra\u017cliwi, ale ja nie.&#8221; \u017be w ich przypadku to co\u015b dobrego, w moim zupe\u0142nie odwrotnie. No nie, tak nie jest. I z tym te\u017c autorka si\u0119 rozprawia.<\/p>\n\n\n\n<p>Nie ukrywam, \u017ce pocz\u0105tkowo pe\u0142ny tytu\u0142 mnie odrzuca\u0142. O ile &#8222;Z wielk\u0105 odwag\u0105&#8221; brzmi zach\u0119caj\u0105co, tak druga cz\u0119\u015b\u0107: &#8222;Jak odwaga bycia wra\u017cliwym zmienia to, jak \u017cyjemy i kochamy, jakimi rodzicami i liderami jeste\u015bmy&#8221; to co\u015b lekko mnie odpycha\u0142o. Mia\u0142abym ochot\u0119 troch\u0119 to skr\u00f3ci\u0107, uci\u0105\u0107 po ostatnim przecinku, usun\u0105\u0107 tych lider\u00f3w i rodzic\u00f3w. Rozumiem, \u017ce chodzi\u0142o tu o to by pokaza\u0107, \u017ce nie chodzi tylko o sfer\u0119 rodzinn\u0105, ale te\u017c o sfer\u0119 zawodow\u0105. Domy\u015blam si\u0119, \u017ce chodzi\u0142o o ukazanie tego, \u017ce wra\u017cliwo\u015b\u0107 jest wa\u017cna (i odwa\u017cna!) w wi\u0119cej ni\u017c jednym obszarze \u017cycia. Ale wed\u0142ug mnie to &#8222;jak \u017cyjemy i kochamy&#8221; ju\u017c to za\u0142atwia. Dla mnie nie trzeba tego precyzowa\u0107. Autorka rozprawia si\u0119 z tematem na wielu p\u0142aszczyznach, wielu poziomach i chyba nie umia\u0142abym odpowiedzie\u0107 prosto na pytanie: dla kogo jest ta ksi\u0105\u017cka? My\u015bl\u0119, \u017ce dla wszystkich, kt\u00f3rzy maj\u0105 odwag\u0119, a przede wszystkim ch\u0119\u0107 by si\u0119 z ni\u0105 zmierzy\u0107!<\/p>\n\n\n\n<p>Sporo jest tu tak\u017ce w\u0105tk\u00f3w &#8222;wypunktowanych&#8221;, jak chocia\u017cby kategorie wstydu. I tam te\u017c mocno wybrzmia\u0142o has\u0142o: &#8222;terapia to nie wstyd&#8221;. I to has\u0142o jest mi bardzo bliskie, siedzi we mnie niezwykle mocno, jeszcze zanim powsta\u0142a kampania o tym w\u0142a\u015bnie tytule. To by\u0142 jeden z tych moment\u00f3w, kt\u00f3ry tylko utwierdzi\u0142 mnie w tym jak bliskie s\u0105 mi s\u0142owa autorki i jak bardzo ceni\u0119 jej wk\u0142ad w&#8230; chcia\u0142am napisa\u0107, \u017ce w bran\u017c\u0119, ale my\u015bl\u0119, \u017ce to za ma\u0142o. My\u015bl\u0119, \u017ce trzeba szerzej&#8230;<\/p>\n\n\n\n<p><em>Z wielk\u0105 odwag\u0105<\/em> to jedna z tych pozycji, kt\u00f3re s\u0105 bardzo istotne i prezentuj\u0105 chocia\u017c cz\u0119\u015b\u0107 dorobku Bren\u00e9. I to jedna z tych ksi\u0105\u017cek, jedna z tych my\u015bli, kt\u00f3re mog\u0105 mie\u0107 &#8211; i wielokrotnie maj\u0105 &#8211; pot\u0119\u017cny wk\u0142ad w \u017cycie. Tak og\u00f3lnie \u017cycie. Bo id\u0105c dalej, za pe\u0142nym tytu\u0142em: &#8222;jak odwaga bycia wra\u017cliwym zmienia to, jak \u017cyjemy i kochamy, jakimi rodzicami i liderami jeste\u015bmy&#8221;. I ju\u017c teraz, abstrahuj\u0105c nawet od lektury, mog\u0119 powiedzie\u0107, \u017ce wp\u0142ywa bardzo. I zawodowo i osobi\u015bcie obserwuj\u0119 i do\u015bwiadczam r\u00f3\u017cnych zmian. Widz\u0119 te r\u00f3\u017cnice. Podziwiam je. Zachwycam si\u0119 nimi. Z kolei Bren\u00e9 bada ten aspekt od lat. A teraz te\u017c o nim napisa\u0142a w taki spos\u00f3b, \u017ce chce si\u0119 czyta\u0107 nie tylko t\u0119 ksi\u0105\u017ck\u0119, ale te\u017c kolejne i kolejne. Do czego oczywi\u015bcie zach\u0119cam. <\/p>\n\n\n\n<script src=\"https:\/\/buybox.click\/js\/widget.min.js\"><\/script>\n<span class=\"bb-widget\" id=\"buybox-7d9q\" data-bb-id=\"9520\" data-bb-oid=\"3058358\"><\/span>\n\n\n\n<pre class=\"wp-block-preformatted\"><strong>Tytu\u0142: <\/strong>Z wielk\u0105 odwag\u0105. Jak odwaga bycia wra\u017cliwym zmienia to, jak \u017cyjemy i kochamy, jakimi rodzicami i liderami jeste\u015bmy<strong>\nAutorka: <\/strong> Bren\u00e9 Brown <strong>\nWydawnictwo: <\/strong>Laurum<strong>\nRok: <\/strong>2021<strong>\nIlo\u015b\u0107 stron:<\/strong> 232<\/pre>\n\n\n\n<p class=\"has-text-align-center\"><strong>Za ksi\u0105\u017ck\u0119 dzi\u0119kuj\u0119:<\/strong><\/p>\n\n\n<div class=\"wp-block-image\">\n<figure class=\"aligncenter size-large is-resized\"><a href=\"https:\/\/laurum.pl\/\" target=\"_blank\" rel=\"noreferrer noopener\"><img loading=\"lazy\" src=\"http:\/\/ambiwalencja.pl\/blog\/wp-content\/uploads\/2022\/11\/logo-Laurum-1024x761.jpg\" alt=\"\" class=\"wp-image-932\" width=\"250\" height=\"186\" srcset=\"http:\/\/ambiwalencja.pl\/blog\/wp-content\/uploads\/2022\/11\/logo-Laurum-1024x761.jpg 1024w, http:\/\/ambiwalencja.pl\/blog\/wp-content\/uploads\/2022\/11\/logo-Laurum-300x223.jpg 300w, http:\/\/ambiwalencja.pl\/blog\/wp-content\/uploads\/2022\/11\/logo-Laurum-768x571.jpg 768w, http:\/\/ambiwalencja.pl\/blog\/wp-content\/uploads\/2022\/11\/logo-Laurum-1536x1141.jpg 1536w, http:\/\/ambiwalencja.pl\/blog\/wp-content\/uploads\/2022\/11\/logo-Laurum-540x400.jpg 540w, http:\/\/ambiwalencja.pl\/blog\/wp-content\/uploads\/2022\/11\/logo-Laurum.jpg 1833w\" sizes=\"(max-width: 250px) 100vw, 250px\" \/><\/a><\/figure><\/div>","protected":false},"excerpt":{"rendered":"<p>Z wielk\u0105 odwag\u0105. Jak odwaga bycia wra\u017cliwym zmienia to, jak \u017cyjemy i kochamy, jakimi rodzicami i liderami jeste\u015bmy to pierwsza ksi\u0105\u017cka Bren\u00e9 Brown, kt\u00f3r\u0105 mia\u0142am przyjemno\u015b\u0107 przeczyta\u0107. Na szcz\u0119\u015bcie to nie m\u00f3j pierwszy kontakt z my\u015bl\u0105 autorki. Zacz\u0119\u0142o si\u0119 od&#8230;<\/p>\n","protected":false},"author":1,"featured_media":931,"comment_status":"open","ping_status":"open","sticky":false,"template":"","format":"standard","meta":[],"categories":[4],"tags":[256,257,258,259],"_links":{"self":[{"href":"http:\/\/ambiwalencja.pl\/blog\/wp-json\/wp\/v2\/posts\/929"}],"collection":[{"href":"http:\/\/ambiwalencja.pl\/blog\/wp-json\/wp\/v2\/posts"}],"about":[{"href":"http:\/\/ambiwalencja.pl\/blog\/wp-json\/wp\/v2\/types\/post"}],"author":[{"embeddable":true,"href":"http:\/\/ambiwalencja.pl\/blog\/wp-json\/wp\/v2\/users\/1"}],"replies":[{"embeddable":true,"href":"http:\/\/ambiwalencja.pl\/blog\/wp-json\/wp\/v2\/comments?post=929"}],"version-history":[{"count":3,"href":"http:\/\/ambiwalencja.pl\/blog\/wp-json\/wp\/v2\/posts\/929\/revisions"}],"predecessor-version":[{"id":934,"href":"http:\/\/ambiwalencja.pl\/blog\/wp-json\/wp\/v2\/posts\/929\/revisions\/934"}],"wp:featuredmedia":[{"embeddable":true,"href":"http:\/\/ambiwalencja.pl\/blog\/wp-json\/wp\/v2\/media\/931"}],"wp:attachment":[{"href":"http:\/\/ambiwalencja.pl\/blog\/wp-json\/wp\/v2\/media?parent=929"}],"wp:term":[{"taxonomy":"category","embeddable":true,"href":"http:\/\/ambiwalencja.pl\/blog\/wp-json\/wp\/v2\/categories?post=929"},{"taxonomy":"post_tag","embeddable":true,"href":"http:\/\/ambiwalencja.pl\/blog\/wp-json\/wp\/v2\/tags?post=929"}],"curies":[{"name":"wp","href":"https:\/\/api.w.org\/{rel}","templated":true}]}}