{"id":965,"date":"2023-01-29T17:51:00","date_gmt":"2023-01-29T17:51:00","guid":{"rendered":"http:\/\/ambiwalencja.pl\/blog\/?p=965"},"modified":"2023-10-17T15:19:32","modified_gmt":"2023-10-17T15:19:32","slug":"o-poronieniu-zalobie-i-ukojeniu","status":"publish","type":"post","link":"http:\/\/ambiwalencja.pl\/blog\/o-poronieniu-zalobie-i-ukojeniu\/","title":{"rendered":"O poronieniu, \u017ca\u0142obie i ukojeniu &#8211; Julia Bueno"},"content":{"rendered":"\n<p><em>O poronieniu, \u017ca\u0142obie i ukojeniu<\/em> to ksi\u0105\u017cka, kt\u00f3ra wizualnie wydaje si\u0119 by\u0107 leciutka i przyjemna, a gdy tylko zag\u0142\u0119bi si\u0119 w jej tre\u015b\u0107, czu\u0107 ten ci\u0119\u017car, smutek, ale te\u017c rozbrzmiewaj\u0105cy l\u0119k. <\/p>\n\n\n\n<p>Lektura faktycznie nie by\u0142a ani \u0142atwa, ani przyjemna, cho\u0107 w pewnym sensie normalizuj\u0105ca pewne kwestie. Ot\u00f3\u017c autorka opowiada nam o do\u015bwiadczeniach r\u00f3\u017cnych os\u00f3b, pragn\u0105cych potomstwa. Opisuje plany, marzenia, nadzieje, ale te\u017c t\u0119 mroczniejsz\u0105 stron\u0119. Opowiada o wielu stratach, \u017ca\u0142obie, kolejnych staraniach, olbrzymim l\u0119ku. Przybli\u017ca nam drog\u0119 wielu os\u00f3b &#8211; drog\u0119 pe\u0142n\u0105 goryczy, cierpienia, ale te\u017c ukojenia.<\/p>\n\n\n\n<p>Tak, w tym wszystkim jest te\u017c aspekt pozytywny, cho\u0107 mocno schowany za wybrzmiewaj\u0105cym ci\u0119\u017carem lektury. Lecz autorka m\u00f3wi o nim, pokazuje co mo\u017cna zrobi\u0107 by pom\u00f3c sobie b\u0105d\u017a bliskim w tym trudnym momencie. Opowiada o r\u00f3\u017cnego rodzaju praktykach, zar\u00f3wno tych dobrych, jak i z\u0142ych, kt\u00f3re s\u0105 stosowane w r\u00f3\u017cnych krajach. <\/p>\n\n\n\n<p>Lektura nie tylko dobitnie u\u015bwiadamia nam jak cz\u0119ste i trudne pod wieloma wzgl\u0119dami s\u0105 poronienia, ale te\u017c uzmys\u0142awia, \u017ce nie ka\u017cda osoba musi reagowa\u0107 tak samo. \u017be to co dla jednych jest ukojeniem, dla innych mo\u017ce by\u0107 kolejnym ciosem. To co jedni odbieraj\u0105 jako atak, w innych wywo\u0142uje wdzi\u0119czno\u015b\u0107. W tym wszystkim wybrzmiewa olbrzymia samotno\u015b\u0107. Nawet je\u015bli poronienie dotyczy wi\u0119kszej grupy os\u00f3b, to ka\u017cda z nich cierpi na sw\u00f3j spos\u00f3b, w pewnym sensie sama.<\/p>\n\n\n\n<figure class=\"wp-block-image size-large\"><a href=\"http:\/\/ambiwalencja.pl\/blog\/wp-content\/uploads\/2023\/01\/poronienie-okladka.jpg\"><img loading=\"lazy\" width=\"1024\" height=\"1024\" src=\"http:\/\/ambiwalencja.pl\/blog\/wp-content\/uploads\/2023\/01\/poronienie-okladka-1024x1024.jpg\" alt=\"\" class=\"wp-image-979\" srcset=\"http:\/\/ambiwalencja.pl\/blog\/wp-content\/uploads\/2023\/01\/poronienie-okladka-1024x1024.jpg 1024w, http:\/\/ambiwalencja.pl\/blog\/wp-content\/uploads\/2023\/01\/poronienie-okladka-300x300.jpg 300w, http:\/\/ambiwalencja.pl\/blog\/wp-content\/uploads\/2023\/01\/poronienie-okladka-150x150.jpg 150w, http:\/\/ambiwalencja.pl\/blog\/wp-content\/uploads\/2023\/01\/poronienie-okladka-768x768.jpg 768w, http:\/\/ambiwalencja.pl\/blog\/wp-content\/uploads\/2023\/01\/poronienie-okladka.jpg 1080w\" sizes=\"(max-width: 1024px) 100vw, 1024px\" \/><\/a><\/figure>\n\n\n\n<p>To co szczeg\u00f3lnie poruszy\u0142o mnie w tej ksi\u0105\u017cce to odwaga. Odwaga samej autorki, kt\u00f3ra nie tylko m\u00f3wi o historiach os\u00f3b zg\u0142aszaj\u0105cych si\u0119 do niej na terapi\u0119, ale te\u017c o swojej w\u0142asnej, rozrywaj\u0105cej serce historii. Julia Bueno opowiada nam o swoich stratach, prze\u017cyciach, do\u015bwiadczeniach. Dawno nie spotka\u0142am si\u0119 z tak du\u017c\u0105 otwarto\u015bci\u0105 i bezpo\u015brednio\u015bci\u0105, je\u015bli chodzi o ksi\u0105\u017ckow\u0105 opowie\u015b\u0107 o swoim \u017cyciu. Wr\u0119cz w pewnej chwili zastanawia\u0142am si\u0119 czy autorka pisze t\u0119 ksi\u0105\u017ck\u0119 dla nas czy mo\u017ce bardziej dla siebie?<\/p>\n\n\n\n<p>Jednak te my\u015bli szybko mi przesz\u0142y &#8211; cho\u0107 jedno nie wyklucza drugiego. <em>O poronieniu, \u017ca\u0142obie i ukojeniu<\/em> to ksi\u0105\u017cka, kt\u00f3ra po prostu musia\u0142a powsta\u0107. Musia\u0142a zosta\u0107 napisana, wydana, by pokaza\u0107 jak wiele czynnik\u00f3w wp\u0142ywa na to tytu\u0142owe &#8222;ukojenie&#8221;. Julia dobitnie pokazuje praktyki i m\u00f3wi o tym jakie znaczenie maj\u0105 s\u0142owa, ale te\u017c procedury i reakcje chocia\u017cby personelu medycznego. Je\u015bli nie zacznie si\u0119 o tym m\u00f3wi\u0107, zwraca\u0107 na to uwagi, nie ma szans na zmian\u0119. Autorka robi to, bardzo odwa\u017cnie, bardzo wyra\u017anie. Uwa\u017cam, \u017ce ta ksi\u0105\u017cka to istotny g\u0142os, a jednocze\u015bnie mo\u017ce okaza\u0107 si\u0119 \u017ar\u00f3d\u0142em ukojenia dla os\u00f3b, zmagaj\u0105cych si\u0119 z poronieniem. I cho\u0107 lektura nie jest przyjemna w odbiorze, polecam.  <\/p>\n\n\n\n<script src=\"https:\/\/buybox.click\/js\/widget.min.js\"><\/script>\n<span class=\"bb-widget\" id=\"buybox-pkwj\" data-bb-id=\"9520\" data-bb-oid=\"184679365\"><\/span>\n\n\n\n<p><\/p>\n\n\n\n<pre id=\"block-ab7a58a2-cb6f-42a5-80e7-23a1d5902adb\" class=\"wp-block-preformatted\"><strong>Tytu\u0142: <\/strong>O poronieniu, \u017ca\u0142obie i ukojeniu<strong>\nAutorka: <\/strong>Julia Bueno<strong>\nWydawnictwo: <\/strong>Wydawnictwo Uniwersytetu Jagiello\u0144skiego<strong>\nRok: <\/strong>2022<strong>\nIlo\u015b\u0107 stron:<\/strong> 256<\/pre>\n\n\n\n<p class=\"has-text-align-center\"><strong>Za ksi\u0105\u017ck\u0119 dzi\u0119kuj\u0119 :<\/strong><\/p>\n\n\n<div class=\"wp-block-image\">\n<figure class=\"aligncenter\"><a href=\"https:\/\/wuj.pl\/\" target=\"_blank\" rel=\"noreferrer noopener\"><img loading=\"lazy\" width=\"170\" height=\"170\" src=\"http:\/\/ambiwalencja.pl\/blog\/wp-content\/uploads\/2022\/02\/logo-na-fb-wuj.png\" alt=\"\" class=\"wp-image-361\" srcset=\"http:\/\/ambiwalencja.pl\/blog\/wp-content\/uploads\/2022\/02\/logo-na-fb-wuj.png 170w, http:\/\/ambiwalencja.pl\/blog\/wp-content\/uploads\/2022\/02\/logo-na-fb-wuj-150x150.png 150w\" sizes=\"(max-width: 170px) 100vw, 170px\" \/><\/a><\/figure><\/div>","protected":false},"excerpt":{"rendered":"<p>O poronieniu, \u017ca\u0142obie i ukojeniu to ksi\u0105\u017cka, kt\u00f3ra wizualnie wydaje si\u0119 by\u0107 leciutka i przyjemna, a gdy tylko zag\u0142\u0119bi si\u0119 w jej tre\u015b\u0107, czu\u0107 ten ci\u0119\u017car, smutek, ale te\u017c rozbrzmiewaj\u0105cy l\u0119k. Lektura faktycznie nie by\u0142a ani \u0142atwa, ani przyjemna, cho\u0107&#8230;<\/p>\n","protected":false},"author":1,"featured_media":979,"comment_status":"open","ping_status":"open","sticky":false,"template":"","format":"standard","meta":[],"categories":[4],"tags":[267,29,177,18],"_links":{"self":[{"href":"http:\/\/ambiwalencja.pl\/blog\/wp-json\/wp\/v2\/posts\/965"}],"collection":[{"href":"http:\/\/ambiwalencja.pl\/blog\/wp-json\/wp\/v2\/posts"}],"about":[{"href":"http:\/\/ambiwalencja.pl\/blog\/wp-json\/wp\/v2\/types\/post"}],"author":[{"embeddable":true,"href":"http:\/\/ambiwalencja.pl\/blog\/wp-json\/wp\/v2\/users\/1"}],"replies":[{"embeddable":true,"href":"http:\/\/ambiwalencja.pl\/blog\/wp-json\/wp\/v2\/comments?post=965"}],"version-history":[{"count":4,"href":"http:\/\/ambiwalencja.pl\/blog\/wp-json\/wp\/v2\/posts\/965\/revisions"}],"predecessor-version":[{"id":1274,"href":"http:\/\/ambiwalencja.pl\/blog\/wp-json\/wp\/v2\/posts\/965\/revisions\/1274"}],"wp:featuredmedia":[{"embeddable":true,"href":"http:\/\/ambiwalencja.pl\/blog\/wp-json\/wp\/v2\/media\/979"}],"wp:attachment":[{"href":"http:\/\/ambiwalencja.pl\/blog\/wp-json\/wp\/v2\/media?parent=965"}],"wp:term":[{"taxonomy":"category","embeddable":true,"href":"http:\/\/ambiwalencja.pl\/blog\/wp-json\/wp\/v2\/categories?post=965"},{"taxonomy":"post_tag","embeddable":true,"href":"http:\/\/ambiwalencja.pl\/blog\/wp-json\/wp\/v2\/tags?post=965"}],"curies":[{"name":"wp","href":"https:\/\/api.w.org\/{rel}","templated":true}]}}