{"id":991,"date":"2023-05-05T16:51:38","date_gmt":"2023-05-05T16:51:38","guid":{"rendered":"http:\/\/ambiwalencja.pl\/blog\/?p=991"},"modified":"2023-05-05T16:51:40","modified_gmt":"2023-05-05T16:51:40","slug":"wolny-od-leku-dr-judson-brewer","status":"publish","type":"post","link":"http:\/\/ambiwalencja.pl\/blog\/wolny-od-leku-dr-judson-brewer\/","title":{"rendered":"Wolny od l\u0119ku &#8211; Dr Judson Brewer"},"content":{"rendered":"\n<p><em>Wolny od l\u0119ku <\/em>to pozycja, kt\u00f3ra mnie&#8230; pokona\u0142a. Rzadko mi si\u0119 to zdarza, \u017ce nie ko\u0144cz\u0119 ksi\u0105\u017cki. Przewa\u017cnie nawet jak &#8222;m\u0119cz\u0119&#8221; jak\u0105\u015b lektur\u0119, a p\u00f3\u017aniej od\u0142o\u017c\u0119 j\u0105 na jaki\u015b czas, to jednak wracam, kontynuuj\u0119. Aczkolwiek zdarza si\u0119 tak, \u017ce pojawia mi si\u0119 my\u015bl: &#8222;po co mam si\u0119 katowa\u0107?&#8221; i odpuszczam czytanie. Tutaj w\u0142a\u015bnie tak si\u0119 sta\u0142o. Odpu\u015bci\u0142am. <\/p>\n\n\n\n<p>Natomiast przy tej ksi\u0105\u017cce wydarzy\u0142a si\u0119 jeszcze jedna, rzadko spotykana u mnie sytuacja. Ot\u00f3\u017c bardzo rzadko daj\u0119 komu\u015b do czytania publikacj\u0119, przez kt\u00f3r\u0105 sama jeszcze nie przebrn\u0119\u0142am. Jako \u017ce akurat przedziera\u0142am si\u0119 przez wielki stos od Czarnej Owcy, pozwoli\u0142am by w mi\u0119dzyczasie kto inny cieszy\u0142 si\u0119 t\u0105 lektur\u0105. Na pocz\u0105tku faktycznie s\u0142owo &#8222;cieszy\u0142&#8221; by\u0142oby adekwatne, p\u00f3\u017aniej natomiast zapa\u0142 opad\u0142 i czytelnik zrezygnowa\u0142.<\/p>\n\n\n\n<p>Si\u0119gaj\u0105c po t\u0119 ksi\u0105\u017ck\u0119, mia\u0142am my\u015bl: &#8222;Przesadza, z pewno\u015bci\u0105 nie jest tak \u017ale&#8221;. I ta my\u015bl by\u0142a we mnie tak silna, \u017ce pr\u00f3bowa\u0142am si\u0119 oszuka\u0107, czytaj\u0105c, odwlekaj\u0105c od\u0142o\u017cenie ksi\u0105\u017cki, robi\u0105c przerwy i dos\u0142ownie czo\u0142gaj\u0105c si\u0119 przez kolejne strony, rozci\u0105gaj\u0105c cierpienie na kolejne tygodnie. A\u017c w ko\u0144cu uzna\u0142am, \u017ce nie b\u0119d\u0119 si\u0119 katowa\u0107 i odpu\u015bci\u0142am. <\/p>\n\n\n\n<p>Przeczyta\u0142am mniej wi\u0119cej 1\/3 ksi\u0105\u017cki. Ca\u0142kiem sporo. Ale powiem szczerze, \u017ce teraz zachodz\u0119 w g\u0142ow\u0119 i nie mog\u0119 doj\u015b\u0107 do tego co by\u0142o nie tak. Mam trudno\u015b\u0107 ze z\u0142apaniem meritum i nazwaniem dlaczego lektura tak mnie wym\u0119czy\u0142a. <\/p>\n\n\n\n<p>I teraz min\u0119\u0142yby kolejne tygodnie my\u015blenia co napisa\u0107 i jak to ubra\u0107 w s\u0142owa. Co zrobi\u0107 by wywi\u0105za\u0107 si\u0119 z umowy i napisa\u0107 o ksi\u0105\u017cce, jednocze\u015bnie nie \u015bciemniaj\u0105c, nie wymy\u015blaj\u0105c. Dlatego te\u017c podj\u0119\u0142am decyzj\u0119, \u017ce napisz\u0119 wprost, tak jak jest, tak jak teraz czuj\u0119. Bo w chwili obecnej naprawd\u0119 nie jestem w stanie skonkretyzowa\u0107 o co mi chodzi\u0142o. By\u0107 mo\u017ce za jaki\u015b czas mi si\u0119 to wyklaruje i dodam tu co\u015b wi\u0119cej. Bior\u0119 te\u017c pod uwag\u0119 tak\u0105 opcj\u0119, \u017ce za jaki\u015b czas wr\u00f3c\u0119 do ksi\u0105\u017cki (cz\u0119sto tak robi\u0119), by\u0107 mo\u017ce b\u0119d\u0105c w innym stanie umys\u0142owym, innym czasie, odbior\u0119 jej tre\u015bci inaczej.<\/p>\n\n\n\n<figure class=\"wp-block-image size-large\"><a href=\"http:\/\/ambiwalencja.pl\/blog\/wp-content\/uploads\/2023\/02\/wolny-od-leku-okladka.jpg\"><img loading=\"lazy\" width=\"1024\" height=\"1024\" src=\"http:\/\/ambiwalencja.pl\/blog\/wp-content\/uploads\/2023\/02\/wolny-od-leku-okladka-1024x1024.jpg\" alt=\"\" class=\"wp-image-1000\" srcset=\"http:\/\/ambiwalencja.pl\/blog\/wp-content\/uploads\/2023\/02\/wolny-od-leku-okladka-1024x1024.jpg 1024w, http:\/\/ambiwalencja.pl\/blog\/wp-content\/uploads\/2023\/02\/wolny-od-leku-okladka-300x300.jpg 300w, http:\/\/ambiwalencja.pl\/blog\/wp-content\/uploads\/2023\/02\/wolny-od-leku-okladka-150x150.jpg 150w, http:\/\/ambiwalencja.pl\/blog\/wp-content\/uploads\/2023\/02\/wolny-od-leku-okladka-768x768.jpg 768w, http:\/\/ambiwalencja.pl\/blog\/wp-content\/uploads\/2023\/02\/wolny-od-leku-okladka.jpg 1080w\" sizes=\"(max-width: 1024px) 100vw, 1024px\" \/><\/a><\/figure>\n\n\n\n<p>Bo czasem tak w\u0142a\u015bnie jest, \u017ce si\u0119gam po jaki\u015b przekaz i do mnie nie trafia. Z kolei b\u0119d\u0105c w innym miejscu, innym momencie, odbi\u00f3r jest odmienny. Zatem dam szans\u0119 Brawerowi, pomimo ci\u0119\u017ckiego startu, oraz w dalszym ci\u0105gu niezrozumia\u0142ej dla mnie &#8222;mody&#8221; na dodawanie dr przed nazwiskiem autora ksi\u0105\u017cek publikowanych w Czarnej Owcy. To z pewno\u015bci\u0105 te\u017c jeden z element\u00f3w, kt\u00f3ry mnie lekko odstrasza. <\/p>\n\n\n\n<p>Natomiast to co z pewno\u015bci\u0105 nale\u017cy do zalet publikacji &#8211; bo takie te\u017c oczywi\u015bcie s\u0105 &#8211; to zwr\u00f3cenie uwagi na smartfony. A konkretnie na wzmo\u017cone w ostatnich latach u\u017cywanie telefon\u00f3w, masy aplikacji itd. Fakt, ta wzrostowa tendencja jest bardzo niepokoj\u0105ca, ale te\u017c naturalna. To wa\u017cne i bardzo warto\u015bciowe, \u017ce autor o tym wspomina. Chocia\u017c &#8211; i to mo\u017ce by\u0107 to, co mnie tak zniech\u0119ci\u0142o &#8211; bardzo te\u017c demonizuje wszelkie aplikacje. A wiadomo, \u017ce one nie s\u0105 wy\u0142\u0105cznie z\u0142e i to od nas zale\u017cy jak b\u0119dziemy z nich korzysta\u0107. <\/p>\n\n\n\n<p>Jak ju\u017c wspomnia\u0142am, <em>Wolny od l\u0119ku<\/em> to dla mnie lektura nietypowa, z powodu mojego nietypowego odbioru. Zatem nie mog\u0119 z czystym sumieniem jej poleci\u0107. Jednocze\u015bnie nie mog\u0119 jej tak\u017ce odradzi\u0107, bowiem posiadam ku temu zbyt ma\u0142\u0105 wiedz\u0119. Nie pozostaje mi nic innego jak zaleci\u0107, aby\u015bcie sami przekonali si\u0119 czy Wam to le\u017cy czy nie. A druga opcja jest taka \u017ceby poczeka\u0107, bo by\u0107 mo\u017ce kiedy\u015b uzupe\u0142ni\u0119 ten wpis o nowe, \u015bwie\u017ce refleksje, gdy wr\u00f3c\u0119 do tej publikacji. Aczkolwiek nie jestem w stanie okre\u015bli\u0107 kiedy to b\u0119dzie. <\/p>\n\n\n\n<script src=\"https:\/\/buybox.click\/js\/widget.min.js\"><\/script>\n<span class=\"bb-widget\" id=\"buybox-62mb\" data-bb-id=\"9520\" data-bb-oid=\"183770224\"><\/span>\n\n\n\n<pre class=\"wp-block-preformatted\"><strong>Tytu\u0142:<\/strong> Wolny od l\u0119ku\n<strong>Autor:<\/strong> Dr Judson Brewer&nbsp;<strong>\nWydawnictwo: <\/strong>Czarna Owca<strong>\nRok: <\/strong>2022\n<strong>Ilo\u015b\u0107 stron:<\/strong> 312\n<\/pre>\n\n\n\n<p class=\"has-text-align-center\"><strong>Za ksi\u0105\u017ck\u0119 dzi\u0119kuj\u0119:<\/strong><\/p>\n\n\n<div class=\"wp-block-image\">\n<figure class=\"aligncenter\"><a href=\"https:\/\/www.czarnaowca.pl\/\" target=\"_blank\" rel=\"noreferrer noopener\"><img loading=\"lazy\" width=\"500\" height=\"200\" src=\"http:\/\/ambiwalencja.pl\/blog\/wp-content\/uploads\/2022\/02\/uci\u0119te.png\" alt=\"\" class=\"wp-image-327\" srcset=\"http:\/\/ambiwalencja.pl\/blog\/wp-content\/uploads\/2022\/02\/uci\u0119te.png 500w, http:\/\/ambiwalencja.pl\/blog\/wp-content\/uploads\/2022\/02\/uci\u0119te-300x120.png 300w\" sizes=\"(max-width: 500px) 100vw, 500px\" \/><\/a><\/figure><\/div>\n\n\n<p><\/p>\n","protected":false},"excerpt":{"rendered":"<p>Wolny od l\u0119ku to pozycja, kt\u00f3ra mnie&#8230; pokona\u0142a. Rzadko mi si\u0119 to zdarza, \u017ce nie ko\u0144cz\u0119 ksi\u0105\u017cki. Przewa\u017cnie nawet jak &#8222;m\u0119cz\u0119&#8221; jak\u0105\u015b lektur\u0119, a p\u00f3\u017aniej od\u0142o\u017c\u0119 j\u0105 na jaki\u015b czas, to jednak wracam, kontynuuj\u0119. Aczkolwiek zdarza si\u0119 tak, \u017ce pojawia&#8230;<\/p>\n","protected":false},"author":1,"featured_media":1000,"comment_status":"open","ping_status":"open","sticky":false,"template":"","format":"standard","meta":[],"categories":[4],"tags":[],"_links":{"self":[{"href":"http:\/\/ambiwalencja.pl\/blog\/wp-json\/wp\/v2\/posts\/991"}],"collection":[{"href":"http:\/\/ambiwalencja.pl\/blog\/wp-json\/wp\/v2\/posts"}],"about":[{"href":"http:\/\/ambiwalencja.pl\/blog\/wp-json\/wp\/v2\/types\/post"}],"author":[{"embeddable":true,"href":"http:\/\/ambiwalencja.pl\/blog\/wp-json\/wp\/v2\/users\/1"}],"replies":[{"embeddable":true,"href":"http:\/\/ambiwalencja.pl\/blog\/wp-json\/wp\/v2\/comments?post=991"}],"version-history":[{"count":4,"href":"http:\/\/ambiwalencja.pl\/blog\/wp-json\/wp\/v2\/posts\/991\/revisions"}],"predecessor-version":[{"id":1104,"href":"http:\/\/ambiwalencja.pl\/blog\/wp-json\/wp\/v2\/posts\/991\/revisions\/1104"}],"wp:featuredmedia":[{"embeddable":true,"href":"http:\/\/ambiwalencja.pl\/blog\/wp-json\/wp\/v2\/media\/1000"}],"wp:attachment":[{"href":"http:\/\/ambiwalencja.pl\/blog\/wp-json\/wp\/v2\/media?parent=991"}],"wp:term":[{"taxonomy":"category","embeddable":true,"href":"http:\/\/ambiwalencja.pl\/blog\/wp-json\/wp\/v2\/categories?post=991"},{"taxonomy":"post_tag","embeddable":true,"href":"http:\/\/ambiwalencja.pl\/blog\/wp-json\/wp\/v2\/tags?post=991"}],"curies":[{"name":"wp","href":"https:\/\/api.w.org\/{rel}","templated":true}]}}